{"id":4811,"date":"2017-07-28T11:38:21","date_gmt":"2017-07-28T09:38:21","guid":{"rendered":"https:\/\/adecglobal.com\/el-ministerio-de-fomento-sigue-apostando-por-el-arido-siderurgico-de-adec-global\/"},"modified":"2017-07-28T11:38:21","modified_gmt":"2017-07-28T09:38:21","slug":"el-ministerio-de-fomento-sigue-apostando-por-el-arido-siderurgico-de-adec-global","status":"publish","type":"post","link":"https:\/\/adecglobal.com\/es\/el-ministerio-de-fomento-sigue-apostando-por-el-arido-siderurgico-de-adec-global\/","title":{"rendered":"El Ministerio de Fomento sigue apostando por el \u00e1rido sider\u00fargico de Adec Global"},"content":{"rendered":"<div class=\"column\">\n<h3>Esta vez se est\u00e1 trabajando en la rehabilitaci\u00f3n superficial y puntualmente estructural del firme de las carreteras A-2, B-10 y B-23.<\/h3>\n<\/div>\n<p align=\"justify\">El tramo asfaltado corresponde a la <strong>Autov\u00eda A-2<\/strong> y est\u00e1 comprendido entre el <strong>punto kilom\u00e9trico 11 de la B-23<\/strong> , la <strong>salida 21 de la B-10<\/strong> y toda la <strong>B-23<\/strong> . Estos tramos se est\u00e1n trabajando tanto de ida como de vuelta y la suma total de carretera asfaltada llegar\u00e1 a alrededor de los 40 km. Las obras empezaron a principios de julio y el trabajo se realiza en jornadas nocturnas y fines de semana. El objetivo es repercutir lo menos posible en el tr\u00e1fico fluido de estos tramos de autov\u00eda tanto en la direcci\u00f3n puerto de Barcelona como en la entrada de \u00e9sta.   <\/p>\n<p align=\"justify\">La aplicaci\u00f3n de la capa de rodadura se llevar\u00e1 a cabo por la empresa <strong>PABASA EUROASFALT SA<\/strong> , organizaci\u00f3n con reconocida experiencia en el sector del asfalto y que ha empleado nuestros \u00e1ridos sider\u00fargicos en otros tramos de carretera. Los buenos resultados en carreteras de m\u00e1xima exigencia han generado total confianza por parte de esta empresa en nuestros \u00e1ridos sider\u00fargicos. <\/p>\n<p align=\"justify\">El <strong>Ministerio de Fomento<\/strong> ha apostado por esta capa de rodadura con tr\u00e1fico de tipo <strong>T00<\/strong> , una mezcla bituminosa de tipo <strong>BBTM 11B<\/strong> donde la parte de \u00e1rido grueso ha sido elaborada con el 100% del <strong>\u00e1rido sider\u00fargico<\/strong> de <strong>Adec Global<\/strong> .<\/p>\n<p align=\"justify\"><a href=\"https:\/\/adecglobal.com\/wp-content\/uploads\/2021\/09\/IMG_4458-1024x768-1.jpg\"><img fetchpriority=\"high\" decoding=\"async\" class=\"alignnone wp-image-1360 size-medium\" src=\"https:\/\/adecglobal.com\/wp-content\/uploads\/2021\/09\/IMG_4458-1024x768-1-300x225.jpg\" alt=\"\" width=\"300\" height=\"225\" srcset=\"https:\/\/adecglobal.com\/wp-content\/uploads\/2021\/09\/IMG_4458-1024x768-1-300x225.jpg 300w, https:\/\/adecglobal.com\/wp-content\/uploads\/2021\/09\/IMG_4458-1024x768-1-768x576.jpg 768w, https:\/\/adecglobal.com\/wp-content\/uploads\/2021\/09\/IMG_4458-1024x768-1.jpg 1024w\" sizes=\"(max-width: 300px) 100vw, 300px\" \/><\/a> <a href=\"https:\/\/adecglobal.com\/wp-content\/uploads\/2021\/09\/IMG_4461-1024x768-1.jpg\"><img decoding=\"async\" class=\"alignnone wp-image-1361 size-medium\" src=\"https:\/\/adecglobal.com\/wp-content\/uploads\/2021\/09\/IMG_4461-1024x768-1-300x225.jpg\" alt=\"\" width=\"300\" height=\"225\" srcset=\"https:\/\/adecglobal.com\/wp-content\/uploads\/2021\/09\/IMG_4461-1024x768-1-300x225.jpg 300w, https:\/\/adecglobal.com\/wp-content\/uploads\/2021\/09\/IMG_4461-1024x768-1-768x576.jpg 768w, https:\/\/adecglobal.com\/wp-content\/uploads\/2021\/09\/IMG_4461-1024x768-1.jpg 1024w\" sizes=\"(max-width: 300px) 100vw, 300px\" \/><\/a> <a href=\"https:\/\/adecglobal.com\/wp-content\/uploads\/2021\/09\/IMG_4462-1024x768-1.jpg\"><img decoding=\"async\" class=\"alignnone wp-image-1362 size-medium\" src=\"https:\/\/adecglobal.com\/wp-content\/uploads\/2021\/09\/IMG_4462-1024x768-1-300x225.jpg\" alt=\"\" width=\"300\" height=\"225\" srcset=\"https:\/\/adecglobal.com\/wp-content\/uploads\/2021\/09\/IMG_4462-1024x768-1-300x225.jpg 300w, https:\/\/adecglobal.com\/wp-content\/uploads\/2021\/09\/IMG_4462-1024x768-1-768x576.jpg 768w, https:\/\/adecglobal.com\/wp-content\/uploads\/2021\/09\/IMG_4462-1024x768-1.jpg 1024w\" sizes=\"(max-width: 300px) 100vw, 300px\" \/><\/a> <a href=\"https:\/\/adecglobal.com\/wp-content\/uploads\/2021\/09\/IMG_4465-1024x768-1.jpg\"><img loading=\"lazy\" decoding=\"async\" class=\"alignnone wp-image-1363 size-medium\" src=\"https:\/\/adecglobal.com\/wp-content\/uploads\/2021\/09\/IMG_4465-1024x768-1-300x225.jpg\" alt=\"\" width=\"300\" height=\"225\" srcset=\"https:\/\/adecglobal.com\/wp-content\/uploads\/2021\/09\/IMG_4465-1024x768-1-300x225.jpg 300w, https:\/\/adecglobal.com\/wp-content\/uploads\/2021\/09\/IMG_4465-1024x768-1-768x576.jpg 768w, https:\/\/adecglobal.com\/wp-content\/uploads\/2021\/09\/IMG_4465-1024x768-1.jpg 1024w\" sizes=\"(max-width: 300px) 100vw, 300px\" \/><\/a> <a href=\"https:\/\/adecglobal.com\/wp-content\/uploads\/2021\/09\/IMG_4466-1024x768-1.jpg\"><img loading=\"lazy\" decoding=\"async\" class=\"alignnone wp-image-1364 size-medium\" src=\"https:\/\/adecglobal.com\/wp-content\/uploads\/2021\/09\/IMG_4466-1024x768-1-300x225.jpg\" alt=\"\" width=\"300\" height=\"225\" srcset=\"https:\/\/adecglobal.com\/wp-content\/uploads\/2021\/09\/IMG_4466-1024x768-1-300x225.jpg 300w, https:\/\/adecglobal.com\/wp-content\/uploads\/2021\/09\/IMG_4466-1024x768-1-768x576.jpg 768w, https:\/\/adecglobal.com\/wp-content\/uploads\/2021\/09\/IMG_4466-1024x768-1.jpg 1024w\" sizes=\"(max-width: 300px) 100vw, 300px\" \/><\/a> <a href=\"https:\/\/adecglobal.com\/wp-content\/uploads\/2021\/09\/IMG_4469-1024x768-1.jpg\"><img loading=\"lazy\" decoding=\"async\" class=\"alignnone wp-image-1365 size-medium\" src=\"https:\/\/adecglobal.com\/wp-content\/uploads\/2021\/09\/IMG_4469-1024x768-1-300x225.jpg\" alt=\"\" width=\"300\" height=\"225\" srcset=\"https:\/\/adecglobal.com\/wp-content\/uploads\/2021\/09\/IMG_4469-1024x768-1-300x225.jpg 300w, https:\/\/adecglobal.com\/wp-content\/uploads\/2021\/09\/IMG_4469-1024x768-1-768x576.jpg 768w, https:\/\/adecglobal.com\/wp-content\/uploads\/2021\/09\/IMG_4469-1024x768-1.jpg 1024w\" sizes=\"(max-width: 300px) 100vw, 300px\" \/><\/a> <a href=\"https:\/\/adecglobal.com\/wp-content\/uploads\/2021\/09\/IMG_4471-1024x768-1.jpg\"><img loading=\"lazy\" decoding=\"async\" class=\"alignnone wp-image-1366 size-medium\" src=\"https:\/\/adecglobal.com\/wp-content\/uploads\/2021\/09\/IMG_4471-1024x768-1-300x225.jpg\" alt=\"\" width=\"300\" height=\"225\" srcset=\"https:\/\/adecglobal.com\/wp-content\/uploads\/2021\/09\/IMG_4471-1024x768-1-300x225.jpg 300w, https:\/\/adecglobal.com\/wp-content\/uploads\/2021\/09\/IMG_4471-1024x768-1-768x576.jpg 768w, https:\/\/adecglobal.com\/wp-content\/uploads\/2021\/09\/IMG_4471-1024x768-1.jpg 1024w\" sizes=\"(max-width: 300px) 100vw, 300px\" \/><\/a><\/p>\n","protected":false},"excerpt":{"rendered":"<p>Esta vez se est\u00e1 trabajando en la rehabilitaci\u00f3n superficial y puntualmente estructural del firme de las carreteras A-2, B-10 y B-23. El tramo asfaltado corresponde a la Autov\u00eda A-2 y est\u00e1 comprendido entre el punto kilom\u00e9trico 11 de la B-23 , la salida 21 de la B-10 y toda la B-23 . Estos tramos se [&hellip;]<\/p>\n","protected":false},"author":1,"featured_media":1848,"comment_status":"open","ping_status":"closed","sticky":false,"template":"","format":"standard","meta":{"footnotes":""},"categories":[49],"tags":[],"class_list":["post-4811","post","type-post","status-publish","format-standard","has-post-thumbnail","hentry","category-adec-global-es"],"yoast_head":"<!-- This site is optimized with the Yoast SEO Premium plugin v27.3 (Yoast SEO v27.3) - https:\/\/yoast.com\/product\/yoast-seo-premium-wordpress\/ -->\n<title>El Ministerio de Fomento sigue apostando por el \u00e1rido sider\u00fargico de Adec Global - Adec Global<\/title>\n<meta name=\"robots\" content=\"index, follow, max-snippet:-1, max-image-preview:large, max-video-preview:-1\" \/>\n<link rel=\"canonical\" href=\"https:\/\/adecglobal.com\/es\/el-ministerio-de-fomento-sigue-apostando-por-el-arido-siderurgico-de-adec-global\/\" \/>\n<meta property=\"og:locale\" content=\"es_ES\" \/>\n<meta property=\"og:type\" content=\"article\" \/>\n<meta property=\"og:title\" content=\"El Ministerio de Fomento sigue apostando por el \u00e1rido sider\u00fargico de Adec Global\" \/>\n<meta property=\"og:description\" content=\"Esta vez se est\u00e1 trabajando en la rehabilitaci\u00f3n superficial y puntualmente estructural del firme de las carreteras A-2, B-10 y B-23. El tramo asfaltado corresponde a la Autov\u00eda A-2 y est\u00e1 comprendido entre el punto kilom\u00e9trico 11 de la B-23 , la salida 21 de la B-10 y toda la B-23 . Estos tramos se [&hellip;]\" \/>\n<meta property=\"og:url\" content=\"https:\/\/adecglobal.com\/es\/el-ministerio-de-fomento-sigue-apostando-por-el-arido-siderurgico-de-adec-global\/\" \/>\n<meta property=\"og:site_name\" content=\"Adec Global\" \/>\n<meta property=\"article:published_time\" content=\"2017-07-28T09:38:21+00:00\" \/>\n<meta property=\"og:image\" content=\"https:\/\/adecglobal.com\/wp-content\/uploads\/2021\/09\/IMG_4471-e1501484778930-850x450-1.jpg\" \/>\n\t<meta property=\"og:image:width\" content=\"850\" \/>\n\t<meta property=\"og:image:height\" content=\"450\" \/>\n\t<meta property=\"og:image:type\" content=\"image\/jpeg\" \/>\n<meta name=\"author\" content=\"admin\" \/>\n<meta name=\"twitter:card\" content=\"summary_large_image\" \/>\n<meta name=\"twitter:label1\" content=\"Escrito por\" \/>\n\t<meta name=\"twitter:data1\" content=\"admin\" \/>\n\t<meta name=\"twitter:label2\" content=\"Tiempo de lectura\" \/>\n\t<meta name=\"twitter:data2\" content=\"1 minuto\" \/>\n<script type=\"application\/ld+json\" class=\"yoast-schema-graph\">{\"@context\":\"https:\\\/\\\/schema.org\",\"@graph\":[{\"@type\":\"Article\",\"@id\":\"https:\\\/\\\/adecglobal.com\\\/es\\\/el-ministerio-de-fomento-sigue-apostando-por-el-arido-siderurgico-de-adec-global\\\/#article\",\"isPartOf\":{\"@id\":\"https:\\\/\\\/adecglobal.com\\\/es\\\/el-ministerio-de-fomento-sigue-apostando-por-el-arido-siderurgico-de-adec-global\\\/\"},\"author\":{\"name\":\"admin\",\"@id\":\"https:\\\/\\\/adecglobal.com\\\/es\\\/#\\\/schema\\\/person\\\/f1ecf1183bafeed5e189508b51709e7d\"},\"headline\":\"El Ministerio de Fomento sigue apostando por el \u00e1rido sider\u00fargico de Adec Global\",\"datePublished\":\"2017-07-28T09:38:21+00:00\",\"mainEntityOfPage\":{\"@id\":\"https:\\\/\\\/adecglobal.com\\\/es\\\/el-ministerio-de-fomento-sigue-apostando-por-el-arido-siderurgico-de-adec-global\\\/\"},\"wordCount\":247,\"commentCount\":0,\"publisher\":{\"@id\":\"https:\\\/\\\/adecglobal.com\\\/es\\\/#organization\"},\"image\":{\"@id\":\"https:\\\/\\\/adecglobal.com\\\/es\\\/el-ministerio-de-fomento-sigue-apostando-por-el-arido-siderurgico-de-adec-global\\\/#primaryimage\"},\"thumbnailUrl\":\"https:\\\/\\\/adecglobal.com\\\/wp-content\\\/uploads\\\/2021\\\/09\\\/IMG_4471-e1501484778930-850x450-1.jpg\",\"articleSection\":[\"Adec Global\"],\"inLanguage\":\"es\",\"potentialAction\":[{\"@type\":\"CommentAction\",\"name\":\"Comment\",\"target\":[\"https:\\\/\\\/adecglobal.com\\\/es\\\/el-ministerio-de-fomento-sigue-apostando-por-el-arido-siderurgico-de-adec-global\\\/#respond\"]}]},{\"@type\":\"WebPage\",\"@id\":\"https:\\\/\\\/adecglobal.com\\\/es\\\/el-ministerio-de-fomento-sigue-apostando-por-el-arido-siderurgico-de-adec-global\\\/\",\"url\":\"https:\\\/\\\/adecglobal.com\\\/es\\\/el-ministerio-de-fomento-sigue-apostando-por-el-arido-siderurgico-de-adec-global\\\/\",\"name\":\"El Ministerio de Fomento sigue apostando por el \u00e1rido sider\u00fargico de Adec Global - Adec Global\",\"isPartOf\":{\"@id\":\"https:\\\/\\\/adecglobal.com\\\/es\\\/#website\"},\"primaryImageOfPage\":{\"@id\":\"https:\\\/\\\/adecglobal.com\\\/es\\\/el-ministerio-de-fomento-sigue-apostando-por-el-arido-siderurgico-de-adec-global\\\/#primaryimage\"},\"image\":{\"@id\":\"https:\\\/\\\/adecglobal.com\\\/es\\\/el-ministerio-de-fomento-sigue-apostando-por-el-arido-siderurgico-de-adec-global\\\/#primaryimage\"},\"thumbnailUrl\":\"https:\\\/\\\/adecglobal.com\\\/wp-content\\\/uploads\\\/2021\\\/09\\\/IMG_4471-e1501484778930-850x450-1.jpg\",\"datePublished\":\"2017-07-28T09:38:21+00:00\",\"breadcrumb\":{\"@id\":\"https:\\\/\\\/adecglobal.com\\\/es\\\/el-ministerio-de-fomento-sigue-apostando-por-el-arido-siderurgico-de-adec-global\\\/#breadcrumb\"},\"inLanguage\":\"es\",\"potentialAction\":[{\"@type\":\"ReadAction\",\"target\":[\"https:\\\/\\\/adecglobal.com\\\/es\\\/el-ministerio-de-fomento-sigue-apostando-por-el-arido-siderurgico-de-adec-global\\\/\"]}]},{\"@type\":\"ImageObject\",\"inLanguage\":\"es\",\"@id\":\"https:\\\/\\\/adecglobal.com\\\/es\\\/el-ministerio-de-fomento-sigue-apostando-por-el-arido-siderurgico-de-adec-global\\\/#primaryimage\",\"url\":\"https:\\\/\\\/adecglobal.com\\\/wp-content\\\/uploads\\\/2021\\\/09\\\/IMG_4471-e1501484778930-850x450-1.jpg\",\"contentUrl\":\"https:\\\/\\\/adecglobal.com\\\/wp-content\\\/uploads\\\/2021\\\/09\\\/IMG_4471-e1501484778930-850x450-1.jpg\",\"width\":850,\"height\":450},{\"@type\":\"BreadcrumbList\",\"@id\":\"https:\\\/\\\/adecglobal.com\\\/es\\\/el-ministerio-de-fomento-sigue-apostando-por-el-arido-siderurgico-de-adec-global\\\/#breadcrumb\",\"itemListElement\":[{\"@type\":\"ListItem\",\"position\":1,\"name\":\"Home\",\"item\":\"https:\\\/\\\/adecglobal.com\\\/es\\\/hombre\\\/\"},{\"@type\":\"ListItem\",\"position\":2,\"name\":\"El Ministerio de Fomento sigue apostando por el \u00e1rido sider\u00fargico de Adec Global\"}]},{\"@type\":\"WebSite\",\"@id\":\"https:\\\/\\\/adecglobal.com\\\/es\\\/#website\",\"url\":\"https:\\\/\\\/adecglobal.com\\\/es\\\/\",\"name\":\"Adec Global\",\"description\":\"Convertim residus industrials en \u00e0rids sider\u00fargics\",\"publisher\":{\"@id\":\"https:\\\/\\\/adecglobal.com\\\/es\\\/#organization\"},\"potentialAction\":[{\"@type\":\"SearchAction\",\"target\":{\"@type\":\"EntryPoint\",\"urlTemplate\":\"https:\\\/\\\/adecglobal.com\\\/es\\\/?s={search_term_string}\"},\"query-input\":{\"@type\":\"PropertyValueSpecification\",\"valueRequired\":true,\"valueName\":\"search_term_string\"}}],\"inLanguage\":\"es\"},{\"@type\":\"Organization\",\"@id\":\"https:\\\/\\\/adecglobal.com\\\/es\\\/#organization\",\"name\":\"Adec Global\",\"url\":\"https:\\\/\\\/adecglobal.com\\\/es\\\/\",\"logo\":{\"@type\":\"ImageObject\",\"inLanguage\":\"es\",\"@id\":\"https:\\\/\\\/adecglobal.com\\\/es\\\/#\\\/schema\\\/logo\\\/image\\\/\",\"url\":\"https:\\\/\\\/adecglobal.com\\\/wp-content\\\/uploads\\\/2021\\\/04\\\/adec-global-logo.webp\",\"contentUrl\":\"https:\\\/\\\/adecglobal.com\\\/wp-content\\\/uploads\\\/2021\\\/04\\\/adec-global-logo.webp\",\"width\":659,\"height\":141,\"caption\":\"Adec Global\"},\"image\":{\"@id\":\"https:\\\/\\\/adecglobal.com\\\/es\\\/#\\\/schema\\\/logo\\\/image\\\/\"}},{\"@type\":\"Person\",\"@id\":\"https:\\\/\\\/adecglobal.com\\\/es\\\/#\\\/schema\\\/person\\\/f1ecf1183bafeed5e189508b51709e7d\",\"name\":\"admin\",\"image\":{\"@type\":\"ImageObject\",\"inLanguage\":\"es\",\"@id\":\"https:\\\/\\\/secure.gravatar.com\\\/avatar\\\/2c13691c959731c7a5bf693a554cbed3d1402fa36a35babe08d09907ecebc6c3?s=96&d=mm&r=g\",\"url\":\"https:\\\/\\\/secure.gravatar.com\\\/avatar\\\/2c13691c959731c7a5bf693a554cbed3d1402fa36a35babe08d09907ecebc6c3?s=96&d=mm&r=g\",\"contentUrl\":\"https:\\\/\\\/secure.gravatar.com\\\/avatar\\\/2c13691c959731c7a5bf693a554cbed3d1402fa36a35babe08d09907ecebc6c3?s=96&d=mm&r=g\",\"caption\":\"admin\"},\"sameAs\":[\"https:\\\/\\\/adecglobal.com\"]}]}<\/script>\n<!-- \/ Yoast SEO Premium plugin. -->","yoast_head_json":{"title":"El Ministerio de Fomento sigue apostando por el \u00e1rido sider\u00fargico de Adec Global - Adec Global","robots":{"index":"index","follow":"follow","max-snippet":"max-snippet:-1","max-image-preview":"max-image-preview:large","max-video-preview":"max-video-preview:-1"},"canonical":"https:\/\/adecglobal.com\/es\/el-ministerio-de-fomento-sigue-apostando-por-el-arido-siderurgico-de-adec-global\/","og_locale":"es_ES","og_type":"article","og_title":"El Ministerio de Fomento sigue apostando por el \u00e1rido sider\u00fargico de Adec Global","og_description":"Esta vez se est\u00e1 trabajando en la rehabilitaci\u00f3n superficial y puntualmente estructural del firme de las carreteras A-2, B-10 y B-23. El tramo asfaltado corresponde a la Autov\u00eda A-2 y est\u00e1 comprendido entre el punto kilom\u00e9trico 11 de la B-23 , la salida 21 de la B-10 y toda la B-23 . Estos tramos se [&hellip;]","og_url":"https:\/\/adecglobal.com\/es\/el-ministerio-de-fomento-sigue-apostando-por-el-arido-siderurgico-de-adec-global\/","og_site_name":"Adec Global","article_published_time":"2017-07-28T09:38:21+00:00","og_image":[{"width":850,"height":450,"url":"https:\/\/adecglobal.com\/wp-content\/uploads\/2021\/09\/IMG_4471-e1501484778930-850x450-1.jpg","type":"image\/jpeg"}],"author":"admin","twitter_card":"summary_large_image","twitter_misc":{"Escrito por":"admin","Tiempo de lectura":"1 minuto"},"schema":{"@context":"https:\/\/schema.org","@graph":[{"@type":"Article","@id":"https:\/\/adecglobal.com\/es\/el-ministerio-de-fomento-sigue-apostando-por-el-arido-siderurgico-de-adec-global\/#article","isPartOf":{"@id":"https:\/\/adecglobal.com\/es\/el-ministerio-de-fomento-sigue-apostando-por-el-arido-siderurgico-de-adec-global\/"},"author":{"name":"admin","@id":"https:\/\/adecglobal.com\/es\/#\/schema\/person\/f1ecf1183bafeed5e189508b51709e7d"},"headline":"El Ministerio de Fomento sigue apostando por el \u00e1rido sider\u00fargico de Adec Global","datePublished":"2017-07-28T09:38:21+00:00","mainEntityOfPage":{"@id":"https:\/\/adecglobal.com\/es\/el-ministerio-de-fomento-sigue-apostando-por-el-arido-siderurgico-de-adec-global\/"},"wordCount":247,"commentCount":0,"publisher":{"@id":"https:\/\/adecglobal.com\/es\/#organization"},"image":{"@id":"https:\/\/adecglobal.com\/es\/el-ministerio-de-fomento-sigue-apostando-por-el-arido-siderurgico-de-adec-global\/#primaryimage"},"thumbnailUrl":"https:\/\/adecglobal.com\/wp-content\/uploads\/2021\/09\/IMG_4471-e1501484778930-850x450-1.jpg","articleSection":["Adec Global"],"inLanguage":"es","potentialAction":[{"@type":"CommentAction","name":"Comment","target":["https:\/\/adecglobal.com\/es\/el-ministerio-de-fomento-sigue-apostando-por-el-arido-siderurgico-de-adec-global\/#respond"]}]},{"@type":"WebPage","@id":"https:\/\/adecglobal.com\/es\/el-ministerio-de-fomento-sigue-apostando-por-el-arido-siderurgico-de-adec-global\/","url":"https:\/\/adecglobal.com\/es\/el-ministerio-de-fomento-sigue-apostando-por-el-arido-siderurgico-de-adec-global\/","name":"El Ministerio de Fomento sigue apostando por el \u00e1rido sider\u00fargico de Adec Global - Adec Global","isPartOf":{"@id":"https:\/\/adecglobal.com\/es\/#website"},"primaryImageOfPage":{"@id":"https:\/\/adecglobal.com\/es\/el-ministerio-de-fomento-sigue-apostando-por-el-arido-siderurgico-de-adec-global\/#primaryimage"},"image":{"@id":"https:\/\/adecglobal.com\/es\/el-ministerio-de-fomento-sigue-apostando-por-el-arido-siderurgico-de-adec-global\/#primaryimage"},"thumbnailUrl":"https:\/\/adecglobal.com\/wp-content\/uploads\/2021\/09\/IMG_4471-e1501484778930-850x450-1.jpg","datePublished":"2017-07-28T09:38:21+00:00","breadcrumb":{"@id":"https:\/\/adecglobal.com\/es\/el-ministerio-de-fomento-sigue-apostando-por-el-arido-siderurgico-de-adec-global\/#breadcrumb"},"inLanguage":"es","potentialAction":[{"@type":"ReadAction","target":["https:\/\/adecglobal.com\/es\/el-ministerio-de-fomento-sigue-apostando-por-el-arido-siderurgico-de-adec-global\/"]}]},{"@type":"ImageObject","inLanguage":"es","@id":"https:\/\/adecglobal.com\/es\/el-ministerio-de-fomento-sigue-apostando-por-el-arido-siderurgico-de-adec-global\/#primaryimage","url":"https:\/\/adecglobal.com\/wp-content\/uploads\/2021\/09\/IMG_4471-e1501484778930-850x450-1.jpg","contentUrl":"https:\/\/adecglobal.com\/wp-content\/uploads\/2021\/09\/IMG_4471-e1501484778930-850x450-1.jpg","width":850,"height":450},{"@type":"BreadcrumbList","@id":"https:\/\/adecglobal.com\/es\/el-ministerio-de-fomento-sigue-apostando-por-el-arido-siderurgico-de-adec-global\/#breadcrumb","itemListElement":[{"@type":"ListItem","position":1,"name":"Home","item":"https:\/\/adecglobal.com\/es\/hombre\/"},{"@type":"ListItem","position":2,"name":"El Ministerio de Fomento sigue apostando por el \u00e1rido sider\u00fargico de Adec Global"}]},{"@type":"WebSite","@id":"https:\/\/adecglobal.com\/es\/#website","url":"https:\/\/adecglobal.com\/es\/","name":"Adec Global","description":"Convertim residus industrials en \u00e0rids sider\u00fargics","publisher":{"@id":"https:\/\/adecglobal.com\/es\/#organization"},"potentialAction":[{"@type":"SearchAction","target":{"@type":"EntryPoint","urlTemplate":"https:\/\/adecglobal.com\/es\/?s={search_term_string}"},"query-input":{"@type":"PropertyValueSpecification","valueRequired":true,"valueName":"search_term_string"}}],"inLanguage":"es"},{"@type":"Organization","@id":"https:\/\/adecglobal.com\/es\/#organization","name":"Adec Global","url":"https:\/\/adecglobal.com\/es\/","logo":{"@type":"ImageObject","inLanguage":"es","@id":"https:\/\/adecglobal.com\/es\/#\/schema\/logo\/image\/","url":"https:\/\/adecglobal.com\/wp-content\/uploads\/2021\/04\/adec-global-logo.webp","contentUrl":"https:\/\/adecglobal.com\/wp-content\/uploads\/2021\/04\/adec-global-logo.webp","width":659,"height":141,"caption":"Adec Global"},"image":{"@id":"https:\/\/adecglobal.com\/es\/#\/schema\/logo\/image\/"}},{"@type":"Person","@id":"https:\/\/adecglobal.com\/es\/#\/schema\/person\/f1ecf1183bafeed5e189508b51709e7d","name":"admin","image":{"@type":"ImageObject","inLanguage":"es","@id":"https:\/\/secure.gravatar.com\/avatar\/2c13691c959731c7a5bf693a554cbed3d1402fa36a35babe08d09907ecebc6c3?s=96&d=mm&r=g","url":"https:\/\/secure.gravatar.com\/avatar\/2c13691c959731c7a5bf693a554cbed3d1402fa36a35babe08d09907ecebc6c3?s=96&d=mm&r=g","contentUrl":"https:\/\/secure.gravatar.com\/avatar\/2c13691c959731c7a5bf693a554cbed3d1402fa36a35babe08d09907ecebc6c3?s=96&d=mm&r=g","caption":"admin"},"sameAs":["https:\/\/adecglobal.com"]}]}},"_links":{"self":[{"href":"https:\/\/adecglobal.com\/es\/wp-json\/wp\/v2\/posts\/4811","targetHints":{"allow":["GET"]}}],"collection":[{"href":"https:\/\/adecglobal.com\/es\/wp-json\/wp\/v2\/posts"}],"about":[{"href":"https:\/\/adecglobal.com\/es\/wp-json\/wp\/v2\/types\/post"}],"author":[{"embeddable":true,"href":"https:\/\/adecglobal.com\/es\/wp-json\/wp\/v2\/users\/1"}],"replies":[{"embeddable":true,"href":"https:\/\/adecglobal.com\/es\/wp-json\/wp\/v2\/comments?post=4811"}],"version-history":[{"count":0,"href":"https:\/\/adecglobal.com\/es\/wp-json\/wp\/v2\/posts\/4811\/revisions"}],"wp:featuredmedia":[{"embeddable":true,"href":"https:\/\/adecglobal.com\/es\/wp-json\/wp\/v2\/media\/1848"}],"wp:attachment":[{"href":"https:\/\/adecglobal.com\/es\/wp-json\/wp\/v2\/media?parent=4811"}],"wp:term":[{"taxonomy":"category","embeddable":true,"href":"https:\/\/adecglobal.com\/es\/wp-json\/wp\/v2\/categories?post=4811"},{"taxonomy":"post_tag","embeddable":true,"href":"https:\/\/adecglobal.com\/es\/wp-json\/wp\/v2\/tags?post=4811"}],"curies":[{"name":"wp","href":"https:\/\/api.w.org\/{rel}","templated":true}]}}