{"id":4813,"date":"2017-05-21T11:18:51","date_gmt":"2017-05-21T09:18:51","guid":{"rendered":"https:\/\/adecglobal.com\/los-aridos-siderurgicos-de-adec-global-en-la-comunitat-valenciana\/"},"modified":"2017-05-21T11:18:51","modified_gmt":"2017-05-21T09:18:51","slug":"los-aridos-siderurgicos-de-adec-global-en-la-comunitat-valenciana","status":"publish","type":"post","link":"https:\/\/adecglobal.com\/es\/los-aridos-siderurgicos-de-adec-global-en-la-comunitat-valenciana\/","title":{"rendered":"Los \u00e1ridos sider\u00fargicos de Adec Global en la Comunitat Valenciana"},"content":{"rendered":"<div class=\"column\">\n<h3>La Conselleria de Infraestructuras, Territorio y Medio Ambiente de Valencia utiliza a nuestros \u00e1ridos sider\u00fargicos en un tramo de m\u00e1xima exigencia de la CV-81, en la localidad de Bocairent.<\/h3>\n<\/div>\n<p>Durante la semana del 17 al 21 de mayo la <strong>Conselleria de Infraestructuras, Territorio y Medio Ambiente de Valencia<\/strong> , realiz\u00f3 el mantenimiento de la capa de rodadura del tramo de la <strong>CV-81 comprendido entre el PK-10 y el PK-12<\/strong> que pertenece a la localidad de <strong>Bocairent<\/strong> . Es la primera vez que los \u00e1ridos sider\u00fargicos de <strong>ADEC GLOBAL<\/strong> se utilizan m\u00e1s all\u00e1 de <strong>Catalu\u00f1a<\/strong> , lo que demuestra nuestro potencial de expansi\u00f3n y reafirma la alta calidad y las grandes prestaciones que tienen nuestros \u00e1ridos en las aplicaciones m\u00e1s exigentes en capas de rodadura. <strong>La Conselleria<\/strong> apost\u00f3 por una <strong>mezcla bituminosa de tipo BBTM 11B elaborada con el \u00e1rido sider\u00fargico procedente de nuestra actividad<\/strong> . La mezcla fue fabricada y extendida por <strong>Asfaltos y Construcciones ELSAN<\/strong> , empresa que se decanta por nuestros \u00e1ridos sider\u00fargicos y con la que existe una colaboraci\u00f3n en el desarrollo de cualquier innovaci\u00f3n tecnol\u00f3gica y sostenible en los aglomerantes. El tramo es considerado como punto de alta siniestralidad de accidentes debido al considerable volumen de tr\u00e1fico pesado que circula por \u00e9l, las m\u00faltiples curvas y el puntual y acentuado desnivel. El principal objetivo en la utilizaci\u00f3n de nuestros \u00e1ridos sider\u00fargicos es <strong>reducir los accidentes<\/strong> obteniendo una <strong>mayor tracci\u00f3n<\/strong> y <strong>adherencia<\/strong> de los veh\u00edculos. El \u00e9xito de estas dos variables se debe a la alta <strong>afinidad entre el \u00e1rido y el bet\u00fan<\/strong> , la <strong>morfolog\u00eda<\/strong> , la <strong>dureza<\/strong> y la <strong>adhesividad<\/strong> . <\/p>\n<p>   Gracias a todo lo citado anteriormente es posible <strong>producir un pavimento asf\u00e1ltico mucho m\u00e1s seguro y con una mayor durabilidad<\/strong> .<\/p>\n<p class=\"p1\">Desde <strong>ADEC GLOBAL<\/strong> queremos agradecer el apoyo y apoyo recibido desde <strong>Asfaltos y Construcciones ELSAN<\/strong> , as\u00ed como a la <b>Consejer\u00eda de Infraestructuras Territorio y Medio Ambiente<\/b> , el  <strong>SR. Jordi Esparza <\/strong>,  <b>SR. Vicente Mir <\/b>  y el  <b>SR. Javier Reig <\/b>, para apostar en las mezclas de alta exigencia elaboradas con nuestros \u00e1ridos sider\u00fargicos.<\/p>\n<p>&nbsp;<\/p>\n<p><a href=\"https:\/\/adecglobal.com\/wp-content\/uploads\/2021\/09\/Imagen-1-e1501485676581.jpg\"><img fetchpriority=\"high\" decoding=\"async\" class=\"alignnone wp-image-1340 size-medium\" src=\"https:\/\/adecglobal.com\/wp-content\/uploads\/2021\/09\/Imagen-1-e1501485676581-300x225.jpg\" alt=\"\" width=\"300\" height=\"225\" srcset=\"https:\/\/adecglobal.com\/wp-content\/uploads\/2021\/09\/Imagen-1-e1501485676581-300x225.jpg 300w, https:\/\/adecglobal.com\/wp-content\/uploads\/2021\/09\/Imagen-1-e1501485676581.jpg 600w\" sizes=\"(max-width: 300px) 100vw, 300px\" \/><\/a> <a href=\"https:\/\/adecglobal.com\/wp-content\/uploads\/2021\/09\/Imagen-2-e1501485698784.jpg\"><img decoding=\"async\" class=\"alignnone wp-image-1341 size-medium\" src=\"https:\/\/adecglobal.com\/wp-content\/uploads\/2021\/09\/Imagen-2-e1501485698784-300x225.jpg\" alt=\"\" width=\"300\" height=\"225\" srcset=\"https:\/\/adecglobal.com\/wp-content\/uploads\/2021\/09\/Imagen-2-e1501485698784-300x225.jpg 300w, https:\/\/adecglobal.com\/wp-content\/uploads\/2021\/09\/Imagen-2-e1501485698784.jpg 600w\" sizes=\"(max-width: 300px) 100vw, 300px\" \/><\/a> <a href=\"https:\/\/adecglobal.com\/wp-content\/uploads\/2021\/09\/Imagen-3-e1501485716930.jpg\"><img decoding=\"async\" class=\"alignnone wp-image-1342 size-medium\" src=\"https:\/\/adecglobal.com\/wp-content\/uploads\/2021\/09\/Imagen-3-e1501485716930-300x225.jpg\" alt=\"\" width=\"300\" height=\"225\" srcset=\"https:\/\/adecglobal.com\/wp-content\/uploads\/2021\/09\/Imagen-3-e1501485716930-300x225.jpg 300w, https:\/\/adecglobal.com\/wp-content\/uploads\/2021\/09\/Imagen-3-e1501485716930.jpg 600w\" sizes=\"(max-width: 300px) 100vw, 300px\" \/><\/a> <a href=\"https:\/\/adecglobal.com\/wp-content\/uploads\/2021\/09\/Imagen-4-e1501485728549.jpg\"><img loading=\"lazy\" decoding=\"async\" class=\"alignnone wp-image-1343 size-medium\" src=\"https:\/\/adecglobal.com\/wp-content\/uploads\/2021\/09\/Imagen-4-e1501485728549-300x169.jpg\" alt=\"\" width=\"300\" height=\"169\" srcset=\"https:\/\/adecglobal.com\/wp-content\/uploads\/2021\/09\/Imagen-4-e1501485728549-300x169.jpg 300w, https:\/\/adecglobal.com\/wp-content\/uploads\/2021\/09\/Imagen-4-e1501485728549.jpg 600w\" sizes=\"(max-width: 300px) 100vw, 300px\" \/><\/a> <a href=\"https:\/\/adecglobal.com\/wp-content\/uploads\/2021\/09\/Imagen-5-e1501485612820-1-1.jpg\"><img loading=\"lazy\" decoding=\"async\" class=\"alignnone wp-image-1344 size-medium\" src=\"https:\/\/adecglobal.com\/wp-content\/uploads\/2021\/09\/Imagen-5-e1501485612820-1-1-300x169.jpg\" alt=\"\" width=\"300\" height=\"169\" srcset=\"https:\/\/adecglobal.com\/wp-content\/uploads\/2021\/09\/Imagen-5-e1501485612820-1-1-300x169.jpg 300w, https:\/\/adecglobal.com\/wp-content\/uploads\/2021\/09\/Imagen-5-e1501485612820-1-1.jpg 600w\" sizes=\"(max-width: 300px) 100vw, 300px\" \/><\/a> <a href=\"https:\/\/adecglobal.com\/wp-content\/uploads\/2021\/09\/Imagen-6-e1501485582393.jpg\"><img loading=\"lazy\" decoding=\"async\" class=\"alignnone wp-image-1345 size-medium\" src=\"https:\/\/adecglobal.com\/wp-content\/uploads\/2021\/09\/Imagen-6-e1501485582393-300x225.jpg\" alt=\"\" width=\"300\" height=\"225\" srcset=\"https:\/\/adecglobal.com\/wp-content\/uploads\/2021\/09\/Imagen-6-e1501485582393-300x225.jpg 300w, https:\/\/adecglobal.com\/wp-content\/uploads\/2021\/09\/Imagen-6-e1501485582393.jpg 500w\" sizes=\"(max-width: 300px) 100vw, 300px\" \/><\/a> <a href=\"https:\/\/adecglobal.com\/wp-content\/uploads\/2021\/09\/Imagen-7-e1501485562135.jpg\"><img loading=\"lazy\" decoding=\"async\" class=\"alignnone wp-image-1346 size-medium\" src=\"https:\/\/adecglobal.com\/wp-content\/uploads\/2021\/09\/Imagen-7-e1501485562135-270x300.jpg\" alt=\"\" width=\"270\" height=\"300\" srcset=\"https:\/\/adecglobal.com\/wp-content\/uploads\/2021\/09\/Imagen-7-e1501485562135-270x300.jpg 270w, https:\/\/adecglobal.com\/wp-content\/uploads\/2021\/09\/Imagen-7-e1501485562135.jpg 500w\" sizes=\"(max-width: 270px) 100vw, 270px\" \/><\/a><\/p>\n","protected":false},"excerpt":{"rendered":"<p>La Conselleria de Infraestructuras, Territorio y Medio Ambiente de Valencia utiliza a nuestros \u00e1ridos sider\u00fargicos en un tramo de m\u00e1xima exigencia de la CV-81, en la localidad de Bocairent. Durante la semana del 17 al 21 de mayo la Conselleria de Infraestructuras, Territorio y Medio Ambiente de Valencia , realiz\u00f3 el mantenimiento de la capa [&hellip;]<\/p>\n","protected":false},"author":1,"featured_media":1832,"comment_status":"open","ping_status":"closed","sticky":false,"template":"","format":"standard","meta":{"footnotes":""},"categories":[49],"tags":[],"class_list":["post-4813","post","type-post","status-publish","format-standard","has-post-thumbnail","hentry","category-adec-global-es"],"yoast_head":"<!-- This site is optimized with the Yoast SEO Premium plugin v27.3 (Yoast SEO v27.3) - https:\/\/yoast.com\/product\/yoast-seo-premium-wordpress\/ -->\n<title>Los \u00e1ridos sider\u00fargicos de Adec Global en la Comunitat Valenciana - Adec Global<\/title>\n<meta name=\"robots\" content=\"index, follow, max-snippet:-1, max-image-preview:large, max-video-preview:-1\" \/>\n<link rel=\"canonical\" href=\"https:\/\/adecglobal.com\/es\/los-aridos-siderurgicos-de-adec-global-en-la-comunitat-valenciana\/\" \/>\n<meta property=\"og:locale\" content=\"es_ES\" \/>\n<meta property=\"og:type\" content=\"article\" \/>\n<meta property=\"og:title\" content=\"Los \u00e1ridos sider\u00fargicos de Adec Global en la Comunitat Valenciana\" \/>\n<meta property=\"og:description\" content=\"La Conselleria de Infraestructuras, Territorio y Medio Ambiente de Valencia utiliza a nuestros \u00e1ridos sider\u00fargicos en un tramo de m\u00e1xima exigencia de la CV-81, en la localidad de Bocairent. Durante la semana del 17 al 21 de mayo la Conselleria de Infraestructuras, Territorio y Medio Ambiente de Valencia , realiz\u00f3 el mantenimiento de la capa [&hellip;]\" \/>\n<meta property=\"og:url\" content=\"https:\/\/adecglobal.com\/es\/los-aridos-siderurgicos-de-adec-global-en-la-comunitat-valenciana\/\" \/>\n<meta property=\"og:site_name\" content=\"Adec Global\" \/>\n<meta property=\"article:published_time\" content=\"2017-05-21T09:18:51+00:00\" \/>\n<meta property=\"og:image\" content=\"https:\/\/adecglobal.com\/wp-content\/uploads\/2021\/09\/Imagen-5-e1501485612820-1.jpg\" \/>\n\t<meta property=\"og:image:width\" content=\"600\" \/>\n\t<meta property=\"og:image:height\" content=\"338\" \/>\n\t<meta property=\"og:image:type\" content=\"image\/jpeg\" \/>\n<meta name=\"author\" content=\"admin\" \/>\n<meta name=\"twitter:card\" content=\"summary_large_image\" \/>\n<meta name=\"twitter:label1\" content=\"Escrito por\" \/>\n\t<meta name=\"twitter:data1\" content=\"admin\" \/>\n\t<meta name=\"twitter:label2\" content=\"Tiempo de lectura\" \/>\n\t<meta name=\"twitter:data2\" content=\"2 minutos\" \/>\n<script type=\"application\/ld+json\" class=\"yoast-schema-graph\">{\"@context\":\"https:\\\/\\\/schema.org\",\"@graph\":[{\"@type\":\"Article\",\"@id\":\"https:\\\/\\\/adecglobal.com\\\/es\\\/los-aridos-siderurgicos-de-adec-global-en-la-comunitat-valenciana\\\/#article\",\"isPartOf\":{\"@id\":\"https:\\\/\\\/adecglobal.com\\\/es\\\/los-aridos-siderurgicos-de-adec-global-en-la-comunitat-valenciana\\\/\"},\"author\":{\"name\":\"admin\",\"@id\":\"https:\\\/\\\/adecglobal.com\\\/es\\\/#\\\/schema\\\/person\\\/f1ecf1183bafeed5e189508b51709e7d\"},\"headline\":\"Los \u00e1ridos sider\u00fargicos de Adec Global en la Comunitat Valenciana\",\"datePublished\":\"2017-05-21T09:18:51+00:00\",\"mainEntityOfPage\":{\"@id\":\"https:\\\/\\\/adecglobal.com\\\/es\\\/los-aridos-siderurgicos-de-adec-global-en-la-comunitat-valenciana\\\/\"},\"wordCount\":363,\"commentCount\":0,\"publisher\":{\"@id\":\"https:\\\/\\\/adecglobal.com\\\/es\\\/#organization\"},\"image\":{\"@id\":\"https:\\\/\\\/adecglobal.com\\\/es\\\/los-aridos-siderurgicos-de-adec-global-en-la-comunitat-valenciana\\\/#primaryimage\"},\"thumbnailUrl\":\"https:\\\/\\\/adecglobal.com\\\/wp-content\\\/uploads\\\/2021\\\/09\\\/Imagen-5-e1501485612820-1.jpg\",\"articleSection\":[\"Adec Global\"],\"inLanguage\":\"es\",\"potentialAction\":[{\"@type\":\"CommentAction\",\"name\":\"Comment\",\"target\":[\"https:\\\/\\\/adecglobal.com\\\/es\\\/los-aridos-siderurgicos-de-adec-global-en-la-comunitat-valenciana\\\/#respond\"]}]},{\"@type\":\"WebPage\",\"@id\":\"https:\\\/\\\/adecglobal.com\\\/es\\\/los-aridos-siderurgicos-de-adec-global-en-la-comunitat-valenciana\\\/\",\"url\":\"https:\\\/\\\/adecglobal.com\\\/es\\\/los-aridos-siderurgicos-de-adec-global-en-la-comunitat-valenciana\\\/\",\"name\":\"Los \u00e1ridos sider\u00fargicos de Adec Global en la Comunitat Valenciana - Adec Global\",\"isPartOf\":{\"@id\":\"https:\\\/\\\/adecglobal.com\\\/es\\\/#website\"},\"primaryImageOfPage\":{\"@id\":\"https:\\\/\\\/adecglobal.com\\\/es\\\/los-aridos-siderurgicos-de-adec-global-en-la-comunitat-valenciana\\\/#primaryimage\"},\"image\":{\"@id\":\"https:\\\/\\\/adecglobal.com\\\/es\\\/los-aridos-siderurgicos-de-adec-global-en-la-comunitat-valenciana\\\/#primaryimage\"},\"thumbnailUrl\":\"https:\\\/\\\/adecglobal.com\\\/wp-content\\\/uploads\\\/2021\\\/09\\\/Imagen-5-e1501485612820-1.jpg\",\"datePublished\":\"2017-05-21T09:18:51+00:00\",\"breadcrumb\":{\"@id\":\"https:\\\/\\\/adecglobal.com\\\/es\\\/los-aridos-siderurgicos-de-adec-global-en-la-comunitat-valenciana\\\/#breadcrumb\"},\"inLanguage\":\"es\",\"potentialAction\":[{\"@type\":\"ReadAction\",\"target\":[\"https:\\\/\\\/adecglobal.com\\\/es\\\/los-aridos-siderurgicos-de-adec-global-en-la-comunitat-valenciana\\\/\"]}]},{\"@type\":\"ImageObject\",\"inLanguage\":\"es\",\"@id\":\"https:\\\/\\\/adecglobal.com\\\/es\\\/los-aridos-siderurgicos-de-adec-global-en-la-comunitat-valenciana\\\/#primaryimage\",\"url\":\"https:\\\/\\\/adecglobal.com\\\/wp-content\\\/uploads\\\/2021\\\/09\\\/Imagen-5-e1501485612820-1.jpg\",\"contentUrl\":\"https:\\\/\\\/adecglobal.com\\\/wp-content\\\/uploads\\\/2021\\\/09\\\/Imagen-5-e1501485612820-1.jpg\",\"width\":600,\"height\":338},{\"@type\":\"BreadcrumbList\",\"@id\":\"https:\\\/\\\/adecglobal.com\\\/es\\\/los-aridos-siderurgicos-de-adec-global-en-la-comunitat-valenciana\\\/#breadcrumb\",\"itemListElement\":[{\"@type\":\"ListItem\",\"position\":1,\"name\":\"Home\",\"item\":\"https:\\\/\\\/adecglobal.com\\\/es\\\/hombre\\\/\"},{\"@type\":\"ListItem\",\"position\":2,\"name\":\"Los \u00e1ridos sider\u00fargicos de Adec Global en la Comunitat Valenciana\"}]},{\"@type\":\"WebSite\",\"@id\":\"https:\\\/\\\/adecglobal.com\\\/es\\\/#website\",\"url\":\"https:\\\/\\\/adecglobal.com\\\/es\\\/\",\"name\":\"Adec Global\",\"description\":\"Convertim residus industrials en \u00e0rids sider\u00fargics\",\"publisher\":{\"@id\":\"https:\\\/\\\/adecglobal.com\\\/es\\\/#organization\"},\"potentialAction\":[{\"@type\":\"SearchAction\",\"target\":{\"@type\":\"EntryPoint\",\"urlTemplate\":\"https:\\\/\\\/adecglobal.com\\\/es\\\/?s={search_term_string}\"},\"query-input\":{\"@type\":\"PropertyValueSpecification\",\"valueRequired\":true,\"valueName\":\"search_term_string\"}}],\"inLanguage\":\"es\"},{\"@type\":\"Organization\",\"@id\":\"https:\\\/\\\/adecglobal.com\\\/es\\\/#organization\",\"name\":\"Adec Global\",\"url\":\"https:\\\/\\\/adecglobal.com\\\/es\\\/\",\"logo\":{\"@type\":\"ImageObject\",\"inLanguage\":\"es\",\"@id\":\"https:\\\/\\\/adecglobal.com\\\/es\\\/#\\\/schema\\\/logo\\\/image\\\/\",\"url\":\"https:\\\/\\\/adecglobal.com\\\/wp-content\\\/uploads\\\/2021\\\/04\\\/adec-global-logo.webp\",\"contentUrl\":\"https:\\\/\\\/adecglobal.com\\\/wp-content\\\/uploads\\\/2021\\\/04\\\/adec-global-logo.webp\",\"width\":659,\"height\":141,\"caption\":\"Adec Global\"},\"image\":{\"@id\":\"https:\\\/\\\/adecglobal.com\\\/es\\\/#\\\/schema\\\/logo\\\/image\\\/\"}},{\"@type\":\"Person\",\"@id\":\"https:\\\/\\\/adecglobal.com\\\/es\\\/#\\\/schema\\\/person\\\/f1ecf1183bafeed5e189508b51709e7d\",\"name\":\"admin\",\"image\":{\"@type\":\"ImageObject\",\"inLanguage\":\"es\",\"@id\":\"https:\\\/\\\/secure.gravatar.com\\\/avatar\\\/2c13691c959731c7a5bf693a554cbed3d1402fa36a35babe08d09907ecebc6c3?s=96&d=mm&r=g\",\"url\":\"https:\\\/\\\/secure.gravatar.com\\\/avatar\\\/2c13691c959731c7a5bf693a554cbed3d1402fa36a35babe08d09907ecebc6c3?s=96&d=mm&r=g\",\"contentUrl\":\"https:\\\/\\\/secure.gravatar.com\\\/avatar\\\/2c13691c959731c7a5bf693a554cbed3d1402fa36a35babe08d09907ecebc6c3?s=96&d=mm&r=g\",\"caption\":\"admin\"},\"sameAs\":[\"https:\\\/\\\/adecglobal.com\"]}]}<\/script>\n<!-- \/ Yoast SEO Premium plugin. -->","yoast_head_json":{"title":"Los \u00e1ridos sider\u00fargicos de Adec Global en la Comunitat Valenciana - Adec Global","robots":{"index":"index","follow":"follow","max-snippet":"max-snippet:-1","max-image-preview":"max-image-preview:large","max-video-preview":"max-video-preview:-1"},"canonical":"https:\/\/adecglobal.com\/es\/los-aridos-siderurgicos-de-adec-global-en-la-comunitat-valenciana\/","og_locale":"es_ES","og_type":"article","og_title":"Los \u00e1ridos sider\u00fargicos de Adec Global en la Comunitat Valenciana","og_description":"La Conselleria de Infraestructuras, Territorio y Medio Ambiente de Valencia utiliza a nuestros \u00e1ridos sider\u00fargicos en un tramo de m\u00e1xima exigencia de la CV-81, en la localidad de Bocairent. Durante la semana del 17 al 21 de mayo la Conselleria de Infraestructuras, Territorio y Medio Ambiente de Valencia , realiz\u00f3 el mantenimiento de la capa [&hellip;]","og_url":"https:\/\/adecglobal.com\/es\/los-aridos-siderurgicos-de-adec-global-en-la-comunitat-valenciana\/","og_site_name":"Adec Global","article_published_time":"2017-05-21T09:18:51+00:00","og_image":[{"width":600,"height":338,"url":"https:\/\/adecglobal.com\/wp-content\/uploads\/2021\/09\/Imagen-5-e1501485612820-1.jpg","type":"image\/jpeg"}],"author":"admin","twitter_card":"summary_large_image","twitter_misc":{"Escrito por":"admin","Tiempo de lectura":"2 minutos"},"schema":{"@context":"https:\/\/schema.org","@graph":[{"@type":"Article","@id":"https:\/\/adecglobal.com\/es\/los-aridos-siderurgicos-de-adec-global-en-la-comunitat-valenciana\/#article","isPartOf":{"@id":"https:\/\/adecglobal.com\/es\/los-aridos-siderurgicos-de-adec-global-en-la-comunitat-valenciana\/"},"author":{"name":"admin","@id":"https:\/\/adecglobal.com\/es\/#\/schema\/person\/f1ecf1183bafeed5e189508b51709e7d"},"headline":"Los \u00e1ridos sider\u00fargicos de Adec Global en la Comunitat Valenciana","datePublished":"2017-05-21T09:18:51+00:00","mainEntityOfPage":{"@id":"https:\/\/adecglobal.com\/es\/los-aridos-siderurgicos-de-adec-global-en-la-comunitat-valenciana\/"},"wordCount":363,"commentCount":0,"publisher":{"@id":"https:\/\/adecglobal.com\/es\/#organization"},"image":{"@id":"https:\/\/adecglobal.com\/es\/los-aridos-siderurgicos-de-adec-global-en-la-comunitat-valenciana\/#primaryimage"},"thumbnailUrl":"https:\/\/adecglobal.com\/wp-content\/uploads\/2021\/09\/Imagen-5-e1501485612820-1.jpg","articleSection":["Adec Global"],"inLanguage":"es","potentialAction":[{"@type":"CommentAction","name":"Comment","target":["https:\/\/adecglobal.com\/es\/los-aridos-siderurgicos-de-adec-global-en-la-comunitat-valenciana\/#respond"]}]},{"@type":"WebPage","@id":"https:\/\/adecglobal.com\/es\/los-aridos-siderurgicos-de-adec-global-en-la-comunitat-valenciana\/","url":"https:\/\/adecglobal.com\/es\/los-aridos-siderurgicos-de-adec-global-en-la-comunitat-valenciana\/","name":"Los \u00e1ridos sider\u00fargicos de Adec Global en la Comunitat Valenciana - Adec Global","isPartOf":{"@id":"https:\/\/adecglobal.com\/es\/#website"},"primaryImageOfPage":{"@id":"https:\/\/adecglobal.com\/es\/los-aridos-siderurgicos-de-adec-global-en-la-comunitat-valenciana\/#primaryimage"},"image":{"@id":"https:\/\/adecglobal.com\/es\/los-aridos-siderurgicos-de-adec-global-en-la-comunitat-valenciana\/#primaryimage"},"thumbnailUrl":"https:\/\/adecglobal.com\/wp-content\/uploads\/2021\/09\/Imagen-5-e1501485612820-1.jpg","datePublished":"2017-05-21T09:18:51+00:00","breadcrumb":{"@id":"https:\/\/adecglobal.com\/es\/los-aridos-siderurgicos-de-adec-global-en-la-comunitat-valenciana\/#breadcrumb"},"inLanguage":"es","potentialAction":[{"@type":"ReadAction","target":["https:\/\/adecglobal.com\/es\/los-aridos-siderurgicos-de-adec-global-en-la-comunitat-valenciana\/"]}]},{"@type":"ImageObject","inLanguage":"es","@id":"https:\/\/adecglobal.com\/es\/los-aridos-siderurgicos-de-adec-global-en-la-comunitat-valenciana\/#primaryimage","url":"https:\/\/adecglobal.com\/wp-content\/uploads\/2021\/09\/Imagen-5-e1501485612820-1.jpg","contentUrl":"https:\/\/adecglobal.com\/wp-content\/uploads\/2021\/09\/Imagen-5-e1501485612820-1.jpg","width":600,"height":338},{"@type":"BreadcrumbList","@id":"https:\/\/adecglobal.com\/es\/los-aridos-siderurgicos-de-adec-global-en-la-comunitat-valenciana\/#breadcrumb","itemListElement":[{"@type":"ListItem","position":1,"name":"Home","item":"https:\/\/adecglobal.com\/es\/hombre\/"},{"@type":"ListItem","position":2,"name":"Los \u00e1ridos sider\u00fargicos de Adec Global en la Comunitat Valenciana"}]},{"@type":"WebSite","@id":"https:\/\/adecglobal.com\/es\/#website","url":"https:\/\/adecglobal.com\/es\/","name":"Adec Global","description":"Convertim residus industrials en \u00e0rids sider\u00fargics","publisher":{"@id":"https:\/\/adecglobal.com\/es\/#organization"},"potentialAction":[{"@type":"SearchAction","target":{"@type":"EntryPoint","urlTemplate":"https:\/\/adecglobal.com\/es\/?s={search_term_string}"},"query-input":{"@type":"PropertyValueSpecification","valueRequired":true,"valueName":"search_term_string"}}],"inLanguage":"es"},{"@type":"Organization","@id":"https:\/\/adecglobal.com\/es\/#organization","name":"Adec Global","url":"https:\/\/adecglobal.com\/es\/","logo":{"@type":"ImageObject","inLanguage":"es","@id":"https:\/\/adecglobal.com\/es\/#\/schema\/logo\/image\/","url":"https:\/\/adecglobal.com\/wp-content\/uploads\/2021\/04\/adec-global-logo.webp","contentUrl":"https:\/\/adecglobal.com\/wp-content\/uploads\/2021\/04\/adec-global-logo.webp","width":659,"height":141,"caption":"Adec Global"},"image":{"@id":"https:\/\/adecglobal.com\/es\/#\/schema\/logo\/image\/"}},{"@type":"Person","@id":"https:\/\/adecglobal.com\/es\/#\/schema\/person\/f1ecf1183bafeed5e189508b51709e7d","name":"admin","image":{"@type":"ImageObject","inLanguage":"es","@id":"https:\/\/secure.gravatar.com\/avatar\/2c13691c959731c7a5bf693a554cbed3d1402fa36a35babe08d09907ecebc6c3?s=96&d=mm&r=g","url":"https:\/\/secure.gravatar.com\/avatar\/2c13691c959731c7a5bf693a554cbed3d1402fa36a35babe08d09907ecebc6c3?s=96&d=mm&r=g","contentUrl":"https:\/\/secure.gravatar.com\/avatar\/2c13691c959731c7a5bf693a554cbed3d1402fa36a35babe08d09907ecebc6c3?s=96&d=mm&r=g","caption":"admin"},"sameAs":["https:\/\/adecglobal.com"]}]}},"_links":{"self":[{"href":"https:\/\/adecglobal.com\/es\/wp-json\/wp\/v2\/posts\/4813","targetHints":{"allow":["GET"]}}],"collection":[{"href":"https:\/\/adecglobal.com\/es\/wp-json\/wp\/v2\/posts"}],"about":[{"href":"https:\/\/adecglobal.com\/es\/wp-json\/wp\/v2\/types\/post"}],"author":[{"embeddable":true,"href":"https:\/\/adecglobal.com\/es\/wp-json\/wp\/v2\/users\/1"}],"replies":[{"embeddable":true,"href":"https:\/\/adecglobal.com\/es\/wp-json\/wp\/v2\/comments?post=4813"}],"version-history":[{"count":0,"href":"https:\/\/adecglobal.com\/es\/wp-json\/wp\/v2\/posts\/4813\/revisions"}],"wp:featuredmedia":[{"embeddable":true,"href":"https:\/\/adecglobal.com\/es\/wp-json\/wp\/v2\/media\/1832"}],"wp:attachment":[{"href":"https:\/\/adecglobal.com\/es\/wp-json\/wp\/v2\/media?parent=4813"}],"wp:term":[{"taxonomy":"category","embeddable":true,"href":"https:\/\/adecglobal.com\/es\/wp-json\/wp\/v2\/categories?post=4813"},{"taxonomy":"post_tag","embeddable":true,"href":"https:\/\/adecglobal.com\/es\/wp-json\/wp\/v2\/tags?post=4813"}],"curies":[{"name":"wp","href":"https:\/\/api.w.org\/{rel}","templated":true}]}}