{"id":4814,"date":"2016-04-14T12:36:58","date_gmt":"2016-04-14T10:36:58","guid":{"rendered":"https:\/\/adecglobal.com\/infraestructuras-de-la-generalidad-de-cataluna-apuesta-con-adec-global-por-la-calidad-y-el-medio-ambiente\/"},"modified":"2024-11-03T13:35:54","modified_gmt":"2024-11-03T12:35:54","slug":"infraestructuras-de-la-generalidad-de-cataluna-apuesta-con-adec-global-por-la-calidad-y-el-medio-ambiente","status":"publish","type":"post","link":"https:\/\/adecglobal.com\/es\/infraestructuras-de-la-generalidad-de-cataluna-apuesta-con-adec-global-por-la-calidad-y-el-medio-ambiente\/","title":{"rendered":"Infraestructuras de la Generalitat de Catalunya apuesta con Adec Global por la calidad y el medio ambiente"},"content":{"rendered":"<div class=\"wpb_text_column wpb_content_element \">\n<div class=\"wpb_wrapper\">\n<h3>El seguimiento de las propiedades de los \u00e1ridos sider\u00fargicos en la C-17 durante tres a\u00f1os constata el aumento de calidad y de la eficiencia que supone el uso de estos \u00e1ridos en vez de los \u00e1ridos convencionales. El estudio tambi\u00e9n valora la reducci\u00f3n del impacto ambiental que representan los \u00e1ridos de Adec Global. <\/h3>\n<\/div>\n<\/div>\n<p> En 2012 se iniciaba un proyecto que planteaba la ejecuci\u00f3n de dos ramales experimentales de <strong>mezcla bituminosa<\/strong> <strong>de tipo<\/strong> <strong>BBTM 11B<\/strong> <strong>con \u00e1ridos sider\u00fargicos<\/strong> y otros dos con \u00e1ridos porf\u00eddicos o convencionales en el enlace de las carreteras C-17 y N-150 . La acci\u00f3n fue proyectada por <strong>Infraestructuras de Catalu\u00f1a<\/strong> con la aprobaci\u00f3n de la <strong>Direcci\u00f3n General de Carreteras<\/strong> . El objetivo del proyecto integraba desde el comienzo una fase de seguimiento posterior a las obras para comparar los resultados que ofrecen los dos tipos de \u00e1ridos en cuanto a las propiedades de la macro-textura superficial y al \u00edndice de rozamiento transversal durante un per\u00edodo de 36 meses. El informe realizado por la <strong>Ingenier\u00eda de Infraestructuras de la Generalitat de Catalu\u00f1a<\/strong> , sobre el desempe\u00f1o y seguimiento t\u00e9cnico de los dos tipos de mezclas asf\u00e1lticas durante tres a\u00f1os, verifica los excelentes resultados de la mezcla bituminosa de \u00e1ridos sider\u00fargicos, que presenta mejores caracter\u00edsticas en relaci\u00f3n a la macro-textura y el \u00edndice de rozamiento transversal que los \u00e1ridos convencionales. El suministro de los \u00e1ridos sider\u00fargicos utilizados en <a href=\"\/?p=10693\" target=\"_blank\" rel=\"noopener\">las obras de los tramos iniciadas en febrero de 2013<\/a> corr\u00eda a cargo de <strong>Adec Global<\/strong> , la \u00fanica planta de reciclaje de residuos provenientes de los hornos de arco el\u00e9ctrico de Catalu\u00f1a que ofrece este tipo de \u00e1rido. Las obras contaban tambi\u00e9n con la participaci\u00f3n de la <strong>Universidad Polit\u00e9cnica de Catalu\u00f1a<\/strong> y de <strong>Pabasa<\/strong> , encargadas del dise\u00f1o de la mezcla y de la fabricaci\u00f3n y aplicaci\u00f3n de \u00e9sta, respectivamente. La valoraci\u00f3n de los \u00e1ridos sider\u00fargicos en este proyecto representa una mejora en la calidad de las mezclas bituminosas que utilizar\u00e1 Infraestructuras de la Generalitat de Catalu\u00f1a, que ha modificado su <strong>Pliego de Prescripciones T\u00e9cnicas Generales (PGI-10)<\/strong> para incorporar la utilizaci\u00f3n del \u00e1rido sider\u00fargico en sus mezclas bituminosas. La alta dureza, la buena afinidad con el bet\u00fan, la reducci\u00f3n de emisiones de CO2, el reciclaje o la sostenibilidad son algunos de los atributos que a partir de ahora formar\u00e1n parte de la firma de Infraestructuras de la Generalitat de Catalunya. Se trata pues de una apuesta clara y de apoyo a los proyectos de car\u00e1cter <strong>sostenible<\/strong> y <strong>de alta calidad<\/strong> .         &nbsp;<\/p>\n<p style=\"text-align: center;\"><span style=\"color: #707070;\">Seguimiento de la aplicaci\u00f3n de la mezcla asf\u00e1ltica con \u00e1ridos sider\u00fargicos<\/span><\/p>\n<hr>\n<p>&nbsp;<\/p>\n<figure id=\"attachment_1766\" aria-describedby=\"caption-attachment-1766\" style=\"width: 230px\" class=\"wp-caption alignleft\"><img fetchpriority=\"high\" decoding=\"async\" class=\"size-medium wp-image-1224\" src=\"https:\/\/adecglobal.com\/wp-content\/uploads\/2021\/09\/Figura-1-C-17-300x224.jpg\" alt=\"\" width=\"230\" height=\"224\"><figcaption id=\"caption-attachment-1766\" class=\"wp-caption-text\">Figura 1 Inicio de la aplicaci\u00f3n de la mezcla asf\u00e1ltica con \u00e1ridos sider\u00fargicos.<\/figcaption><\/figure>\n<figure id=\"attachment_1767\" aria-describedby=\"caption-attachment-1767\" style=\"width: 230px\" class=\"wp-caption alignleft\"><img decoding=\"async\" class=\"size-medium wp-image-1225\" src=\"https:\/\/adecglobal.com\/wp-content\/uploads\/2021\/09\/Figura-2-C-17-300x225.jpg\" alt=\"\" width=\"230\" height=\"225\"><figcaption id=\"caption-attachment-1767\" class=\"wp-caption-text\">Figura 2 Aspecto de la mezcla asf\u00e1ltica sider\u00fargica despu\u00e9s del tendido.<\/figcaption><\/figure>\n<figure id=\"attachment_1768\" aria-describedby=\"caption-attachment-1768\" style=\"width: 230px\" class=\"wp-caption alignleft\"><img decoding=\"async\" class=\"size-medium wp-image-1226\" src=\"https:\/\/adecglobal.com\/wp-content\/uploads\/2021\/09\/Figura-3-C-17-300x225.jpg\" alt=\"\" width=\"230\" height=\"225\"><figcaption id=\"caption-attachment-1768\" class=\"wp-caption-text\">Figura 3 Secci\u00f3n del ramal extendida y compactada.<\/figcaption><\/figure>\n<figure id=\"attachment_1769\" aria-describedby=\"caption-attachment-1769\" style=\"width: 230px\" class=\"wp-caption alignleft\"><img loading=\"lazy\" decoding=\"async\" class=\"size-medium wp-image-1227\" src=\"https:\/\/adecglobal.com\/wp-content\/uploads\/2021\/09\/Figura-4-C-17-300x225.jpg\" alt=\"\" width=\"230\" height=\"225\"><figcaption id=\"caption-attachment-1769\" class=\"wp-caption-text\">Figura 4 Aspecto del ramal con mezcla asf\u00e1ltica sider\u00fargica finalizada.<\/figcaption><\/figure>\n<p>&nbsp;<\/p>\n<p style=\"text-align: center;\"><span style=\"color: #707070;\">Resultados de los dos tipos de \u00e1ridos dos a\u00f1os despu\u00e9s<\/span><\/p>\n<hr>\n<p>&nbsp;<\/p>\n<figure id=\"attachment_1770\" aria-describedby=\"caption-attachment-1770\" style=\"width: 230px\" class=\"wp-caption alignleft\"><img loading=\"lazy\" decoding=\"async\" class=\"size-medium wp-image-1228\" src=\"https:\/\/adecglobal.com\/wp-content\/uploads\/2021\/09\/Figura-5-C-17-300x291.jpg\" alt=\"\" width=\"230\" height=\"291\"><figcaption id=\"caption-attachment-1770\" class=\"wp-caption-text\">Figura 5<br \/> Aspecto despu\u00e9s de dos a\u00f1os de la mezcla con<br \/> \u00e1ridos sider\u00fargicos (n\u00facleo extra\u00eddo de la C-17)<\/figcaption><\/figure>\n<figure id=\"attachment_1771\" aria-describedby=\"caption-attachment-1771\" style=\"width: 230px\" class=\"wp-caption alignleft\"><img loading=\"lazy\" decoding=\"async\" class=\"size-medium wp-image-1229\" src=\"https:\/\/adecglobal.com\/wp-content\/uploads\/2021\/09\/Figura-6-C-17-300x291.jpg\" alt=\"\" width=\"230\" height=\"291\"><figcaption id=\"caption-attachment-1771\" class=\"wp-caption-text\">Figura 6<br \/> Aspecto despu\u00e9s de dos a\u00f1os de la mezcla con<br \/> \u00e1ridos porf\u00eddicos (n\u00facleo extra\u00eddo de la C-17)<\/figcaption><\/figure>\n<figure id=\"attachment_1772\" aria-describedby=\"caption-attachment-1772\" style=\"width: 230px\" class=\"wp-caption alignleft\"><img loading=\"lazy\" decoding=\"async\" class=\"size-medium wp-image-1230\" src=\"https:\/\/adecglobal.com\/wp-content\/uploads\/2021\/09\/Figura-7-C-17-300x230.jpg\" alt=\"\" width=\"230\" height=\"230\"><figcaption id=\"caption-attachment-1772\" class=\"wp-caption-text\">Figura 7<br \/> Aspecto de la mezcla con \u00e1ridos sider\u00fargicos despu\u00e9s de ensayar.<\/figcaption><\/figure>\n<figure id=\"attachment_1773\" aria-describedby=\"caption-attachment-1773\" style=\"width: 230px\" class=\"wp-caption alignleft\"><img loading=\"lazy\" decoding=\"async\" class=\"size-medium wp-image-1231\" src=\"https:\/\/adecglobal.com\/wp-content\/uploads\/2021\/09\/Figura-8-C-17-300x215.jpg\" alt=\"\" width=\"230\" height=\"215\"><figcaption id=\"caption-attachment-1773\" class=\"wp-caption-text\">Figura 8<br \/> Aspecto de la mezcla con \u00e1ridos porf\u00eddicos despu\u00e9s de ensayar.<\/figcaption><\/figure>\n","protected":false},"excerpt":{"rendered":"<p>El seguimiento de las propiedades de los \u00e1ridos sider\u00fargicos en la C-17 durante tres a\u00f1os constata el aumento de calidad y de la eficiencia que supone el uso de estos \u00e1ridos en vez de los \u00e1ridos convencionales. El estudio tambi\u00e9n valora la reducci\u00f3n del impacto ambiental que representan los \u00e1ridos de Adec Global. En 2012 [&hellip;]<\/p>\n","protected":false},"author":1,"featured_media":1765,"comment_status":"open","ping_status":"closed","sticky":false,"template":"","format":"standard","meta":{"footnotes":""},"categories":[49],"tags":[],"class_list":["post-4814","post","type-post","status-publish","format-standard","has-post-thumbnail","hentry","category-adec-global-es"],"yoast_head":"<!-- This site is optimized with the Yoast SEO Premium plugin v27.3 (Yoast SEO v27.3) - https:\/\/yoast.com\/product\/yoast-seo-premium-wordpress\/ -->\n<title>Infraestructuras de la Generalitat de Catalunya apuesta con Adec Global por la calidad y el medio ambiente - Adec Global<\/title>\n<meta name=\"robots\" content=\"index, follow, max-snippet:-1, max-image-preview:large, max-video-preview:-1\" \/>\n<link rel=\"canonical\" href=\"https:\/\/adecglobal.com\/es\/infraestructuras-de-la-generalidad-de-cataluna-apuesta-con-adec-global-por-la-calidad-y-el-medio-ambiente\/\" \/>\n<meta property=\"og:locale\" content=\"es_ES\" \/>\n<meta property=\"og:type\" content=\"article\" \/>\n<meta property=\"og:title\" content=\"Infraestructuras de la Generalitat de Catalunya apuesta con Adec Global por la calidad y el medio ambiente\" \/>\n<meta property=\"og:description\" content=\"El seguimiento de las propiedades de los \u00e1ridos sider\u00fargicos en la C-17 durante tres a\u00f1os constata el aumento de calidad y de la eficiencia que supone el uso de estos \u00e1ridos en vez de los \u00e1ridos convencionales. El estudio tambi\u00e9n valora la reducci\u00f3n del impacto ambiental que representan los \u00e1ridos de Adec Global. En 2012 [&hellip;]\" \/>\n<meta property=\"og:url\" content=\"https:\/\/adecglobal.com\/es\/infraestructuras-de-la-generalidad-de-cataluna-apuesta-con-adec-global-por-la-calidad-y-el-medio-ambiente\/\" \/>\n<meta property=\"og:site_name\" content=\"Adec Global\" \/>\n<meta property=\"article:published_time\" content=\"2016-04-14T10:36:58+00:00\" \/>\n<meta property=\"article:modified_time\" content=\"2024-11-03T12:35:54+00:00\" \/>\n<meta property=\"og:image\" content=\"https:\/\/adecglobal.com\/wp-content\/uploads\/2021\/09\/Portada-c-17.jpg\" \/>\n\t<meta property=\"og:image:width\" content=\"850\" \/>\n\t<meta property=\"og:image:height\" content=\"450\" \/>\n\t<meta property=\"og:image:type\" content=\"image\/jpeg\" \/>\n<meta name=\"author\" content=\"admin\" \/>\n<meta name=\"twitter:card\" content=\"summary_large_image\" \/>\n<meta name=\"twitter:label1\" content=\"Escrito por\" \/>\n\t<meta name=\"twitter:data1\" content=\"admin\" \/>\n\t<meta name=\"twitter:label2\" content=\"Tiempo de lectura\" \/>\n\t<meta name=\"twitter:data2\" content=\"3 minutos\" \/>\n<script type=\"application\/ld+json\" class=\"yoast-schema-graph\">{\"@context\":\"https:\\\/\\\/schema.org\",\"@graph\":[{\"@type\":\"Article\",\"@id\":\"https:\\\/\\\/adecglobal.com\\\/es\\\/infraestructuras-de-la-generalidad-de-cataluna-apuesta-con-adec-global-por-la-calidad-y-el-medio-ambiente\\\/#article\",\"isPartOf\":{\"@id\":\"https:\\\/\\\/adecglobal.com\\\/es\\\/infraestructuras-de-la-generalidad-de-cataluna-apuesta-con-adec-global-por-la-calidad-y-el-medio-ambiente\\\/\"},\"author\":{\"name\":\"admin\",\"@id\":\"https:\\\/\\\/adecglobal.com\\\/es\\\/#\\\/schema\\\/person\\\/f1ecf1183bafeed5e189508b51709e7d\"},\"headline\":\"Infraestructuras de la Generalitat de Catalunya apuesta con Adec Global por la calidad y el medio ambiente\",\"datePublished\":\"2016-04-14T10:36:58+00:00\",\"dateModified\":\"2024-11-03T12:35:54+00:00\",\"mainEntityOfPage\":{\"@id\":\"https:\\\/\\\/adecglobal.com\\\/es\\\/infraestructuras-de-la-generalidad-de-cataluna-apuesta-con-adec-global-por-la-calidad-y-el-medio-ambiente\\\/\"},\"wordCount\":664,\"commentCount\":0,\"publisher\":{\"@id\":\"https:\\\/\\\/adecglobal.com\\\/es\\\/#organization\"},\"image\":{\"@id\":\"https:\\\/\\\/adecglobal.com\\\/es\\\/infraestructuras-de-la-generalidad-de-cataluna-apuesta-con-adec-global-por-la-calidad-y-el-medio-ambiente\\\/#primaryimage\"},\"thumbnailUrl\":\"https:\\\/\\\/adecglobal.com\\\/wp-content\\\/uploads\\\/2021\\\/09\\\/Portada-c-17.jpg\",\"articleSection\":[\"Adec Global\"],\"inLanguage\":\"es\",\"potentialAction\":[{\"@type\":\"CommentAction\",\"name\":\"Comment\",\"target\":[\"https:\\\/\\\/adecglobal.com\\\/es\\\/infraestructuras-de-la-generalidad-de-cataluna-apuesta-con-adec-global-por-la-calidad-y-el-medio-ambiente\\\/#respond\"]}]},{\"@type\":\"WebPage\",\"@id\":\"https:\\\/\\\/adecglobal.com\\\/es\\\/infraestructuras-de-la-generalidad-de-cataluna-apuesta-con-adec-global-por-la-calidad-y-el-medio-ambiente\\\/\",\"url\":\"https:\\\/\\\/adecglobal.com\\\/es\\\/infraestructuras-de-la-generalidad-de-cataluna-apuesta-con-adec-global-por-la-calidad-y-el-medio-ambiente\\\/\",\"name\":\"Infraestructuras de la Generalitat de Catalunya apuesta con Adec Global por la calidad y el medio ambiente - Adec Global\",\"isPartOf\":{\"@id\":\"https:\\\/\\\/adecglobal.com\\\/es\\\/#website\"},\"primaryImageOfPage\":{\"@id\":\"https:\\\/\\\/adecglobal.com\\\/es\\\/infraestructuras-de-la-generalidad-de-cataluna-apuesta-con-adec-global-por-la-calidad-y-el-medio-ambiente\\\/#primaryimage\"},\"image\":{\"@id\":\"https:\\\/\\\/adecglobal.com\\\/es\\\/infraestructuras-de-la-generalidad-de-cataluna-apuesta-con-adec-global-por-la-calidad-y-el-medio-ambiente\\\/#primaryimage\"},\"thumbnailUrl\":\"https:\\\/\\\/adecglobal.com\\\/wp-content\\\/uploads\\\/2021\\\/09\\\/Portada-c-17.jpg\",\"datePublished\":\"2016-04-14T10:36:58+00:00\",\"dateModified\":\"2024-11-03T12:35:54+00:00\",\"breadcrumb\":{\"@id\":\"https:\\\/\\\/adecglobal.com\\\/es\\\/infraestructuras-de-la-generalidad-de-cataluna-apuesta-con-adec-global-por-la-calidad-y-el-medio-ambiente\\\/#breadcrumb\"},\"inLanguage\":\"es\",\"potentialAction\":[{\"@type\":\"ReadAction\",\"target\":[\"https:\\\/\\\/adecglobal.com\\\/es\\\/infraestructuras-de-la-generalidad-de-cataluna-apuesta-con-adec-global-por-la-calidad-y-el-medio-ambiente\\\/\"]}]},{\"@type\":\"ImageObject\",\"inLanguage\":\"es\",\"@id\":\"https:\\\/\\\/adecglobal.com\\\/es\\\/infraestructuras-de-la-generalidad-de-cataluna-apuesta-con-adec-global-por-la-calidad-y-el-medio-ambiente\\\/#primaryimage\",\"url\":\"https:\\\/\\\/adecglobal.com\\\/wp-content\\\/uploads\\\/2021\\\/09\\\/Portada-c-17.jpg\",\"contentUrl\":\"https:\\\/\\\/adecglobal.com\\\/wp-content\\\/uploads\\\/2021\\\/09\\\/Portada-c-17.jpg\",\"width\":850,\"height\":450},{\"@type\":\"BreadcrumbList\",\"@id\":\"https:\\\/\\\/adecglobal.com\\\/es\\\/infraestructuras-de-la-generalidad-de-cataluna-apuesta-con-adec-global-por-la-calidad-y-el-medio-ambiente\\\/#breadcrumb\",\"itemListElement\":[{\"@type\":\"ListItem\",\"position\":1,\"name\":\"Home\",\"item\":\"https:\\\/\\\/adecglobal.com\\\/es\\\/hombre\\\/\"},{\"@type\":\"ListItem\",\"position\":2,\"name\":\"Infraestructuras de la Generalitat de Catalunya apuesta con Adec Global por la calidad y el medio ambiente\"}]},{\"@type\":\"WebSite\",\"@id\":\"https:\\\/\\\/adecglobal.com\\\/es\\\/#website\",\"url\":\"https:\\\/\\\/adecglobal.com\\\/es\\\/\",\"name\":\"Adec Global\",\"description\":\"Convertim residus industrials en \u00e0rids sider\u00fargics\",\"publisher\":{\"@id\":\"https:\\\/\\\/adecglobal.com\\\/es\\\/#organization\"},\"potentialAction\":[{\"@type\":\"SearchAction\",\"target\":{\"@type\":\"EntryPoint\",\"urlTemplate\":\"https:\\\/\\\/adecglobal.com\\\/es\\\/?s={search_term_string}\"},\"query-input\":{\"@type\":\"PropertyValueSpecification\",\"valueRequired\":true,\"valueName\":\"search_term_string\"}}],\"inLanguage\":\"es\"},{\"@type\":\"Organization\",\"@id\":\"https:\\\/\\\/adecglobal.com\\\/es\\\/#organization\",\"name\":\"Adec Global\",\"url\":\"https:\\\/\\\/adecglobal.com\\\/es\\\/\",\"logo\":{\"@type\":\"ImageObject\",\"inLanguage\":\"es\",\"@id\":\"https:\\\/\\\/adecglobal.com\\\/es\\\/#\\\/schema\\\/logo\\\/image\\\/\",\"url\":\"https:\\\/\\\/adecglobal.com\\\/wp-content\\\/uploads\\\/2021\\\/04\\\/adec-global-logo.webp\",\"contentUrl\":\"https:\\\/\\\/adecglobal.com\\\/wp-content\\\/uploads\\\/2021\\\/04\\\/adec-global-logo.webp\",\"width\":659,\"height\":141,\"caption\":\"Adec Global\"},\"image\":{\"@id\":\"https:\\\/\\\/adecglobal.com\\\/es\\\/#\\\/schema\\\/logo\\\/image\\\/\"}},{\"@type\":\"Person\",\"@id\":\"https:\\\/\\\/adecglobal.com\\\/es\\\/#\\\/schema\\\/person\\\/f1ecf1183bafeed5e189508b51709e7d\",\"name\":\"admin\",\"image\":{\"@type\":\"ImageObject\",\"inLanguage\":\"es\",\"@id\":\"https:\\\/\\\/secure.gravatar.com\\\/avatar\\\/2c13691c959731c7a5bf693a554cbed3d1402fa36a35babe08d09907ecebc6c3?s=96&d=mm&r=g\",\"url\":\"https:\\\/\\\/secure.gravatar.com\\\/avatar\\\/2c13691c959731c7a5bf693a554cbed3d1402fa36a35babe08d09907ecebc6c3?s=96&d=mm&r=g\",\"contentUrl\":\"https:\\\/\\\/secure.gravatar.com\\\/avatar\\\/2c13691c959731c7a5bf693a554cbed3d1402fa36a35babe08d09907ecebc6c3?s=96&d=mm&r=g\",\"caption\":\"admin\"},\"sameAs\":[\"https:\\\/\\\/adecglobal.com\"]}]}<\/script>\n<!-- \/ Yoast SEO Premium plugin. -->","yoast_head_json":{"title":"Infraestructuras de la Generalitat de Catalunya apuesta con Adec Global por la calidad y el medio ambiente - Adec Global","robots":{"index":"index","follow":"follow","max-snippet":"max-snippet:-1","max-image-preview":"max-image-preview:large","max-video-preview":"max-video-preview:-1"},"canonical":"https:\/\/adecglobal.com\/es\/infraestructuras-de-la-generalidad-de-cataluna-apuesta-con-adec-global-por-la-calidad-y-el-medio-ambiente\/","og_locale":"es_ES","og_type":"article","og_title":"Infraestructuras de la Generalitat de Catalunya apuesta con Adec Global por la calidad y el medio ambiente","og_description":"El seguimiento de las propiedades de los \u00e1ridos sider\u00fargicos en la C-17 durante tres a\u00f1os constata el aumento de calidad y de la eficiencia que supone el uso de estos \u00e1ridos en vez de los \u00e1ridos convencionales. El estudio tambi\u00e9n valora la reducci\u00f3n del impacto ambiental que representan los \u00e1ridos de Adec Global. En 2012 [&hellip;]","og_url":"https:\/\/adecglobal.com\/es\/infraestructuras-de-la-generalidad-de-cataluna-apuesta-con-adec-global-por-la-calidad-y-el-medio-ambiente\/","og_site_name":"Adec Global","article_published_time":"2016-04-14T10:36:58+00:00","article_modified_time":"2024-11-03T12:35:54+00:00","og_image":[{"width":850,"height":450,"url":"https:\/\/adecglobal.com\/wp-content\/uploads\/2021\/09\/Portada-c-17.jpg","type":"image\/jpeg"}],"author":"admin","twitter_card":"summary_large_image","twitter_misc":{"Escrito por":"admin","Tiempo de lectura":"3 minutos"},"schema":{"@context":"https:\/\/schema.org","@graph":[{"@type":"Article","@id":"https:\/\/adecglobal.com\/es\/infraestructuras-de-la-generalidad-de-cataluna-apuesta-con-adec-global-por-la-calidad-y-el-medio-ambiente\/#article","isPartOf":{"@id":"https:\/\/adecglobal.com\/es\/infraestructuras-de-la-generalidad-de-cataluna-apuesta-con-adec-global-por-la-calidad-y-el-medio-ambiente\/"},"author":{"name":"admin","@id":"https:\/\/adecglobal.com\/es\/#\/schema\/person\/f1ecf1183bafeed5e189508b51709e7d"},"headline":"Infraestructuras de la Generalitat de Catalunya apuesta con Adec Global por la calidad y el medio ambiente","datePublished":"2016-04-14T10:36:58+00:00","dateModified":"2024-11-03T12:35:54+00:00","mainEntityOfPage":{"@id":"https:\/\/adecglobal.com\/es\/infraestructuras-de-la-generalidad-de-cataluna-apuesta-con-adec-global-por-la-calidad-y-el-medio-ambiente\/"},"wordCount":664,"commentCount":0,"publisher":{"@id":"https:\/\/adecglobal.com\/es\/#organization"},"image":{"@id":"https:\/\/adecglobal.com\/es\/infraestructuras-de-la-generalidad-de-cataluna-apuesta-con-adec-global-por-la-calidad-y-el-medio-ambiente\/#primaryimage"},"thumbnailUrl":"https:\/\/adecglobal.com\/wp-content\/uploads\/2021\/09\/Portada-c-17.jpg","articleSection":["Adec Global"],"inLanguage":"es","potentialAction":[{"@type":"CommentAction","name":"Comment","target":["https:\/\/adecglobal.com\/es\/infraestructuras-de-la-generalidad-de-cataluna-apuesta-con-adec-global-por-la-calidad-y-el-medio-ambiente\/#respond"]}]},{"@type":"WebPage","@id":"https:\/\/adecglobal.com\/es\/infraestructuras-de-la-generalidad-de-cataluna-apuesta-con-adec-global-por-la-calidad-y-el-medio-ambiente\/","url":"https:\/\/adecglobal.com\/es\/infraestructuras-de-la-generalidad-de-cataluna-apuesta-con-adec-global-por-la-calidad-y-el-medio-ambiente\/","name":"Infraestructuras de la Generalitat de Catalunya apuesta con Adec Global por la calidad y el medio ambiente - Adec Global","isPartOf":{"@id":"https:\/\/adecglobal.com\/es\/#website"},"primaryImageOfPage":{"@id":"https:\/\/adecglobal.com\/es\/infraestructuras-de-la-generalidad-de-cataluna-apuesta-con-adec-global-por-la-calidad-y-el-medio-ambiente\/#primaryimage"},"image":{"@id":"https:\/\/adecglobal.com\/es\/infraestructuras-de-la-generalidad-de-cataluna-apuesta-con-adec-global-por-la-calidad-y-el-medio-ambiente\/#primaryimage"},"thumbnailUrl":"https:\/\/adecglobal.com\/wp-content\/uploads\/2021\/09\/Portada-c-17.jpg","datePublished":"2016-04-14T10:36:58+00:00","dateModified":"2024-11-03T12:35:54+00:00","breadcrumb":{"@id":"https:\/\/adecglobal.com\/es\/infraestructuras-de-la-generalidad-de-cataluna-apuesta-con-adec-global-por-la-calidad-y-el-medio-ambiente\/#breadcrumb"},"inLanguage":"es","potentialAction":[{"@type":"ReadAction","target":["https:\/\/adecglobal.com\/es\/infraestructuras-de-la-generalidad-de-cataluna-apuesta-con-adec-global-por-la-calidad-y-el-medio-ambiente\/"]}]},{"@type":"ImageObject","inLanguage":"es","@id":"https:\/\/adecglobal.com\/es\/infraestructuras-de-la-generalidad-de-cataluna-apuesta-con-adec-global-por-la-calidad-y-el-medio-ambiente\/#primaryimage","url":"https:\/\/adecglobal.com\/wp-content\/uploads\/2021\/09\/Portada-c-17.jpg","contentUrl":"https:\/\/adecglobal.com\/wp-content\/uploads\/2021\/09\/Portada-c-17.jpg","width":850,"height":450},{"@type":"BreadcrumbList","@id":"https:\/\/adecglobal.com\/es\/infraestructuras-de-la-generalidad-de-cataluna-apuesta-con-adec-global-por-la-calidad-y-el-medio-ambiente\/#breadcrumb","itemListElement":[{"@type":"ListItem","position":1,"name":"Home","item":"https:\/\/adecglobal.com\/es\/hombre\/"},{"@type":"ListItem","position":2,"name":"Infraestructuras de la Generalitat de Catalunya apuesta con Adec Global por la calidad y el medio ambiente"}]},{"@type":"WebSite","@id":"https:\/\/adecglobal.com\/es\/#website","url":"https:\/\/adecglobal.com\/es\/","name":"Adec Global","description":"Convertim residus industrials en \u00e0rids sider\u00fargics","publisher":{"@id":"https:\/\/adecglobal.com\/es\/#organization"},"potentialAction":[{"@type":"SearchAction","target":{"@type":"EntryPoint","urlTemplate":"https:\/\/adecglobal.com\/es\/?s={search_term_string}"},"query-input":{"@type":"PropertyValueSpecification","valueRequired":true,"valueName":"search_term_string"}}],"inLanguage":"es"},{"@type":"Organization","@id":"https:\/\/adecglobal.com\/es\/#organization","name":"Adec Global","url":"https:\/\/adecglobal.com\/es\/","logo":{"@type":"ImageObject","inLanguage":"es","@id":"https:\/\/adecglobal.com\/es\/#\/schema\/logo\/image\/","url":"https:\/\/adecglobal.com\/wp-content\/uploads\/2021\/04\/adec-global-logo.webp","contentUrl":"https:\/\/adecglobal.com\/wp-content\/uploads\/2021\/04\/adec-global-logo.webp","width":659,"height":141,"caption":"Adec Global"},"image":{"@id":"https:\/\/adecglobal.com\/es\/#\/schema\/logo\/image\/"}},{"@type":"Person","@id":"https:\/\/adecglobal.com\/es\/#\/schema\/person\/f1ecf1183bafeed5e189508b51709e7d","name":"admin","image":{"@type":"ImageObject","inLanguage":"es","@id":"https:\/\/secure.gravatar.com\/avatar\/2c13691c959731c7a5bf693a554cbed3d1402fa36a35babe08d09907ecebc6c3?s=96&d=mm&r=g","url":"https:\/\/secure.gravatar.com\/avatar\/2c13691c959731c7a5bf693a554cbed3d1402fa36a35babe08d09907ecebc6c3?s=96&d=mm&r=g","contentUrl":"https:\/\/secure.gravatar.com\/avatar\/2c13691c959731c7a5bf693a554cbed3d1402fa36a35babe08d09907ecebc6c3?s=96&d=mm&r=g","caption":"admin"},"sameAs":["https:\/\/adecglobal.com"]}]}},"_links":{"self":[{"href":"https:\/\/adecglobal.com\/es\/wp-json\/wp\/v2\/posts\/4814","targetHints":{"allow":["GET"]}}],"collection":[{"href":"https:\/\/adecglobal.com\/es\/wp-json\/wp\/v2\/posts"}],"about":[{"href":"https:\/\/adecglobal.com\/es\/wp-json\/wp\/v2\/types\/post"}],"author":[{"embeddable":true,"href":"https:\/\/adecglobal.com\/es\/wp-json\/wp\/v2\/users\/1"}],"replies":[{"embeddable":true,"href":"https:\/\/adecglobal.com\/es\/wp-json\/wp\/v2\/comments?post=4814"}],"version-history":[{"count":0,"href":"https:\/\/adecglobal.com\/es\/wp-json\/wp\/v2\/posts\/4814\/revisions"}],"wp:featuredmedia":[{"embeddable":true,"href":"https:\/\/adecglobal.com\/es\/wp-json\/wp\/v2\/media\/1765"}],"wp:attachment":[{"href":"https:\/\/adecglobal.com\/es\/wp-json\/wp\/v2\/media?parent=4814"}],"wp:term":[{"taxonomy":"category","embeddable":true,"href":"https:\/\/adecglobal.com\/es\/wp-json\/wp\/v2\/categories?post=4814"},{"taxonomy":"post_tag","embeddable":true,"href":"https:\/\/adecglobal.com\/es\/wp-json\/wp\/v2\/tags?post=4814"}],"curies":[{"name":"wp","href":"https:\/\/api.w.org\/{rel}","templated":true}]}}