{"id":4815,"date":"2015-11-18T12:07:47","date_gmt":"2015-11-18T11:07:47","guid":{"rendered":"https:\/\/adecglobal.com\/adec-global-renueva-el-asfalto-de-la-c-16\/"},"modified":"2015-11-18T12:07:47","modified_gmt":"2015-11-18T11:07:47","slug":"adec-global-renueva-el-asfalto-de-la-c-16","status":"publish","type":"post","link":"https:\/\/adecglobal.com\/es\/adec-global-renueva-el-asfalto-de-la-c-16\/","title":{"rendered":"Adec Global renueva el asfalto de la C-16"},"content":{"rendered":"<h3>El \u00e1rido sider\u00fargico aumenta la seguridad de la v\u00eda entre Berga y Bag\u00e0 especialmente en los tramos m\u00e1s peligrosos, mejorando la adherencia de los veh\u00edculos y reduciendo la accidentalidad de la carretera.<\/h3>\n<p>A principios de octubre se iniciaban las obras de renovaci\u00f3n de la carretera C-16 en el tramo que va de Berga a Bag\u00e0. Las mejoras se han aplicado en clave de seguridad, con el fin de extinguir la alta accidentalidad en los 20 kil\u00f3metros del tramo en cuesti\u00f3n. La actuaci\u00f3n, entre otras medidas, se ha centrado en el refuerzo de la capa de rodadura del tramo utilizando un asfalto especial; la mezcla bituminosa a partir de \u00e1ridos sider\u00fargicos. La mejora sustituye a la capa de rodadura de la antigua capa de asfalto -la parte que ofrece contacto directo con los neum\u00e1ticos de los veh\u00edculos- altamente deteriorada debido a la elevada circulaci\u00f3n. En esta ocasi\u00f3n el producto aplicado es una mezcla bituminosa con un aporte del 30%, 50% o 100% de \u00e1ridos sider\u00fargicos, en funci\u00f3n de las necesidades de cada tramo de carretera. En este sentido, la mezcla con el 100% de \u00e1rido sider\u00fargico se ha aplicado en los tramos m\u00e1s peligrosos de la carretera, como pueden ser las zonas umbr\u00edas y de curvas donde el riesgo de salir de la carretera es mayor. Esta medida aumenta la adherencia de los veh\u00edculos ya su vez reduce su tiempo de frenado, benefici\u00e1ndose de las particularidades de los \u00e1ridos sider\u00fargicos. Adec Global ha sido la encargada de suministrar el \u00e1rido sider\u00fargico necesario para poder asfaltar el tramo de la C-16. Es la primera compa\u00f1\u00eda del pa\u00eds que gestiona y somete a tratamiento las escorias sider\u00fargicas para obtener \u00e1ridos artificiales de alta calidad; que permitir\u00e1n reducir el uso de los \u00e1ridos naturales, su impacto ambiental y mejorar los atributos del producto final. El proyecto impulsado por el departamento de Territorio y Sostenibilidad dar\u00e1 respuesta a la elevada cantidad de peticiones de los usuarios y de las administraciones locales para mejorar la seguridad del tramo y reducir la siniestralidad, frente al imperativo de una de las diez carreteras m\u00e1s peligrosas del territorio.  <\/p>\n<p>&nbsp;<\/p>\n<p><a href=\"https:\/\/adecglobal.com\/wp-content\/uploads\/2021\/09\/bergaweb5-1024x768-1.jpg\"><img fetchpriority=\"high\" decoding=\"async\" class=\"alignnone wp-image-1220 size-medium\" src=\"https:\/\/adecglobal.com\/wp-content\/uploads\/2021\/09\/bergaweb5-1024x768-1-300x225.jpg\" alt=\"\" width=\"300\" height=\"225\" srcset=\"https:\/\/adecglobal.com\/wp-content\/uploads\/2021\/09\/bergaweb5-1024x768-1-300x225.jpg 300w, https:\/\/adecglobal.com\/wp-content\/uploads\/2021\/09\/bergaweb5-1024x768-1-768x576.jpg 768w, https:\/\/adecglobal.com\/wp-content\/uploads\/2021\/09\/bergaweb5-1024x768-1.jpg 1024w\" sizes=\"(max-width: 300px) 100vw, 300px\" \/><\/a> <a href=\"https:\/\/adecglobal.com\/wp-content\/uploads\/2021\/09\/bergaweb7-1024x768-1.jpg\"><img decoding=\"async\" class=\"alignnone wp-image-1219 size-medium\" src=\"https:\/\/adecglobal.com\/wp-content\/uploads\/2021\/09\/bergaweb7-1024x768-1-300x225.jpg\" alt=\"\" width=\"300\" height=\"225\" srcset=\"https:\/\/adecglobal.com\/wp-content\/uploads\/2021\/09\/bergaweb7-1024x768-1-300x225.jpg 300w, https:\/\/adecglobal.com\/wp-content\/uploads\/2021\/09\/bergaweb7-1024x768-1-768x576.jpg 768w, https:\/\/adecglobal.com\/wp-content\/uploads\/2021\/09\/bergaweb7-1024x768-1.jpg 1024w\" sizes=\"(max-width: 300px) 100vw, 300px\" \/><\/a> <a href=\"https:\/\/adecglobal.com\/wp-content\/uploads\/2021\/09\/bergaweb6-1024x768-1.jpg\"><img decoding=\"async\" class=\"alignnone wp-image-1218 size-medium\" src=\"https:\/\/adecglobal.com\/wp-content\/uploads\/2021\/09\/bergaweb6-1024x768-1-300x225.jpg\" alt=\"\" width=\"300\" height=\"225\" srcset=\"https:\/\/adecglobal.com\/wp-content\/uploads\/2021\/09\/bergaweb6-1024x768-1-300x225.jpg 300w, https:\/\/adecglobal.com\/wp-content\/uploads\/2021\/09\/bergaweb6-1024x768-1-768x576.jpg 768w, https:\/\/adecglobal.com\/wp-content\/uploads\/2021\/09\/bergaweb6-1024x768-1.jpg 1024w\" sizes=\"(max-width: 300px) 100vw, 300px\" \/><\/a> <a href=\"https:\/\/adecglobal.com\/wp-content\/uploads\/2021\/09\/bergaweb3-1024x768-1.jpg\"><img loading=\"lazy\" decoding=\"async\" class=\"alignnone wp-image-1216 size-medium\" src=\"https:\/\/adecglobal.com\/wp-content\/uploads\/2021\/09\/bergaweb3-1024x768-1-300x225.jpg\" alt=\"\" width=\"300\" height=\"225\" srcset=\"https:\/\/adecglobal.com\/wp-content\/uploads\/2021\/09\/bergaweb3-1024x768-1-300x225.jpg 300w, https:\/\/adecglobal.com\/wp-content\/uploads\/2021\/09\/bergaweb3-1024x768-1-768x576.jpg 768w, https:\/\/adecglobal.com\/wp-content\/uploads\/2021\/09\/bergaweb3-1024x768-1.jpg 1024w\" sizes=\"(max-width: 300px) 100vw, 300px\" \/><\/a> <a href=\"https:\/\/adecglobal.com\/wp-content\/uploads\/2021\/09\/bergaweb8-1024x768-1.jpg\"><img loading=\"lazy\" decoding=\"async\" class=\"alignnone wp-image-1215 size-medium\" src=\"https:\/\/adecglobal.com\/wp-content\/uploads\/2021\/09\/bergaweb8-1024x768-1-300x225.jpg\" alt=\"\" width=\"300\" height=\"225\" srcset=\"https:\/\/adecglobal.com\/wp-content\/uploads\/2021\/09\/bergaweb8-1024x768-1-300x225.jpg 300w, https:\/\/adecglobal.com\/wp-content\/uploads\/2021\/09\/bergaweb8-1024x768-1-768x576.jpg 768w, https:\/\/adecglobal.com\/wp-content\/uploads\/2021\/09\/bergaweb8-1024x768-1.jpg 1024w\" sizes=\"(max-width: 300px) 100vw, 300px\" \/><\/a> <a href=\"https:\/\/adecglobal.com\/wp-content\/uploads\/2021\/09\/bergaweb1-1024x768-1.jpg\"><img loading=\"lazy\" decoding=\"async\" class=\"alignnone wp-image-1214 size-medium\" src=\"https:\/\/adecglobal.com\/wp-content\/uploads\/2021\/09\/bergaweb1-1024x768-1-300x225.jpg\" alt=\"\" width=\"300\" height=\"225\" srcset=\"https:\/\/adecglobal.com\/wp-content\/uploads\/2021\/09\/bergaweb1-1024x768-1-300x225.jpg 300w, https:\/\/adecglobal.com\/wp-content\/uploads\/2021\/09\/bergaweb1-1024x768-1-768x576.jpg 768w, https:\/\/adecglobal.com\/wp-content\/uploads\/2021\/09\/bergaweb1-1024x768-1.jpg 1024w\" sizes=\"(max-width: 300px) 100vw, 300px\" \/><\/a><\/p>\n","protected":false},"excerpt":{"rendered":"<p>El \u00e1rido sider\u00fargico aumenta la seguridad de la v\u00eda entre Berga y Bag\u00e0 especialmente en los tramos m\u00e1s peligrosos, mejorando la adherencia de los veh\u00edculos y reduciendo la accidentalidad de la carretera. A principios de octubre se iniciaban las obras de renovaci\u00f3n de la carretera C-16 en el tramo que va de Berga a Bag\u00e0. [&hellip;]<\/p>\n","protected":false},"author":1,"featured_media":1758,"comment_status":"open","ping_status":"closed","sticky":false,"template":"","format":"standard","meta":{"footnotes":""},"categories":[49],"tags":[],"class_list":["post-4815","post","type-post","status-publish","format-standard","has-post-thumbnail","hentry","category-adec-global-es"],"yoast_head":"<!-- This site is optimized with the Yoast SEO Premium plugin v27.3 (Yoast SEO v27.3) - https:\/\/yoast.com\/product\/yoast-seo-premium-wordpress\/ -->\n<title>Adec Global renueva el asfalto de la C-16 - Adec Global<\/title>\n<meta name=\"robots\" content=\"index, follow, max-snippet:-1, max-image-preview:large, max-video-preview:-1\" \/>\n<link rel=\"canonical\" href=\"https:\/\/adecglobal.com\/es\/adec-global-renueva-el-asfalto-de-la-c-16\/\" \/>\n<meta property=\"og:locale\" content=\"es_ES\" \/>\n<meta property=\"og:type\" content=\"article\" \/>\n<meta property=\"og:title\" content=\"Adec Global renueva el asfalto de la C-16\" \/>\n<meta property=\"og:description\" content=\"El \u00e1rido sider\u00fargico aumenta la seguridad de la v\u00eda entre Berga y Bag\u00e0 especialmente en los tramos m\u00e1s peligrosos, mejorando la adherencia de los veh\u00edculos y reduciendo la accidentalidad de la carretera. A principios de octubre se iniciaban las obras de renovaci\u00f3n de la carretera C-16 en el tramo que va de Berga a Bag\u00e0. [&hellip;]\" \/>\n<meta property=\"og:url\" content=\"https:\/\/adecglobal.com\/es\/adec-global-renueva-el-asfalto-de-la-c-16\/\" \/>\n<meta property=\"og:site_name\" content=\"Adec Global\" \/>\n<meta property=\"article:published_time\" content=\"2015-11-18T11:07:47+00:00\" \/>\n<meta property=\"og:image\" content=\"https:\/\/adecglobal.com\/wp-content\/uploads\/2021\/09\/bergaweb4-850x450-1.jpg\" \/>\n\t<meta property=\"og:image:width\" content=\"850\" \/>\n\t<meta property=\"og:image:height\" content=\"450\" \/>\n\t<meta property=\"og:image:type\" content=\"image\/jpeg\" \/>\n<meta name=\"author\" content=\"admin\" \/>\n<meta name=\"twitter:card\" content=\"summary_large_image\" \/>\n<meta name=\"twitter:label1\" content=\"Escrito por\" \/>\n\t<meta name=\"twitter:data1\" content=\"admin\" \/>\n\t<meta name=\"twitter:label2\" content=\"Tiempo de lectura\" \/>\n\t<meta name=\"twitter:data2\" content=\"2 minutos\" \/>\n<script type=\"application\/ld+json\" class=\"yoast-schema-graph\">{\"@context\":\"https:\\\/\\\/schema.org\",\"@graph\":[{\"@type\":\"Article\",\"@id\":\"https:\\\/\\\/adecglobal.com\\\/es\\\/adec-global-renueva-el-asfalto-de-la-c-16\\\/#article\",\"isPartOf\":{\"@id\":\"https:\\\/\\\/adecglobal.com\\\/es\\\/adec-global-renueva-el-asfalto-de-la-c-16\\\/\"},\"author\":{\"name\":\"admin\",\"@id\":\"https:\\\/\\\/adecglobal.com\\\/es\\\/#\\\/schema\\\/person\\\/f1ecf1183bafeed5e189508b51709e7d\"},\"headline\":\"Adec Global renueva el asfalto de la C-16\",\"datePublished\":\"2015-11-18T11:07:47+00:00\",\"mainEntityOfPage\":{\"@id\":\"https:\\\/\\\/adecglobal.com\\\/es\\\/adec-global-renueva-el-asfalto-de-la-c-16\\\/\"},\"wordCount\":380,\"commentCount\":0,\"publisher\":{\"@id\":\"https:\\\/\\\/adecglobal.com\\\/es\\\/#organization\"},\"image\":{\"@id\":\"https:\\\/\\\/adecglobal.com\\\/es\\\/adec-global-renueva-el-asfalto-de-la-c-16\\\/#primaryimage\"},\"thumbnailUrl\":\"https:\\\/\\\/adecglobal.com\\\/wp-content\\\/uploads\\\/2021\\\/09\\\/bergaweb4-850x450-1.jpg\",\"articleSection\":[\"Adec Global\"],\"inLanguage\":\"es\",\"potentialAction\":[{\"@type\":\"CommentAction\",\"name\":\"Comment\",\"target\":[\"https:\\\/\\\/adecglobal.com\\\/es\\\/adec-global-renueva-el-asfalto-de-la-c-16\\\/#respond\"]}]},{\"@type\":\"WebPage\",\"@id\":\"https:\\\/\\\/adecglobal.com\\\/es\\\/adec-global-renueva-el-asfalto-de-la-c-16\\\/\",\"url\":\"https:\\\/\\\/adecglobal.com\\\/es\\\/adec-global-renueva-el-asfalto-de-la-c-16\\\/\",\"name\":\"Adec Global renueva el asfalto de la C-16 - Adec Global\",\"isPartOf\":{\"@id\":\"https:\\\/\\\/adecglobal.com\\\/es\\\/#website\"},\"primaryImageOfPage\":{\"@id\":\"https:\\\/\\\/adecglobal.com\\\/es\\\/adec-global-renueva-el-asfalto-de-la-c-16\\\/#primaryimage\"},\"image\":{\"@id\":\"https:\\\/\\\/adecglobal.com\\\/es\\\/adec-global-renueva-el-asfalto-de-la-c-16\\\/#primaryimage\"},\"thumbnailUrl\":\"https:\\\/\\\/adecglobal.com\\\/wp-content\\\/uploads\\\/2021\\\/09\\\/bergaweb4-850x450-1.jpg\",\"datePublished\":\"2015-11-18T11:07:47+00:00\",\"breadcrumb\":{\"@id\":\"https:\\\/\\\/adecglobal.com\\\/es\\\/adec-global-renueva-el-asfalto-de-la-c-16\\\/#breadcrumb\"},\"inLanguage\":\"es\",\"potentialAction\":[{\"@type\":\"ReadAction\",\"target\":[\"https:\\\/\\\/adecglobal.com\\\/es\\\/adec-global-renueva-el-asfalto-de-la-c-16\\\/\"]}]},{\"@type\":\"ImageObject\",\"inLanguage\":\"es\",\"@id\":\"https:\\\/\\\/adecglobal.com\\\/es\\\/adec-global-renueva-el-asfalto-de-la-c-16\\\/#primaryimage\",\"url\":\"https:\\\/\\\/adecglobal.com\\\/wp-content\\\/uploads\\\/2021\\\/09\\\/bergaweb4-850x450-1.jpg\",\"contentUrl\":\"https:\\\/\\\/adecglobal.com\\\/wp-content\\\/uploads\\\/2021\\\/09\\\/bergaweb4-850x450-1.jpg\",\"width\":850,\"height\":450},{\"@type\":\"BreadcrumbList\",\"@id\":\"https:\\\/\\\/adecglobal.com\\\/es\\\/adec-global-renueva-el-asfalto-de-la-c-16\\\/#breadcrumb\",\"itemListElement\":[{\"@type\":\"ListItem\",\"position\":1,\"name\":\"Home\",\"item\":\"https:\\\/\\\/adecglobal.com\\\/es\\\/hombre\\\/\"},{\"@type\":\"ListItem\",\"position\":2,\"name\":\"Adec Global renueva el asfalto de la C-16\"}]},{\"@type\":\"WebSite\",\"@id\":\"https:\\\/\\\/adecglobal.com\\\/es\\\/#website\",\"url\":\"https:\\\/\\\/adecglobal.com\\\/es\\\/\",\"name\":\"Adec Global\",\"description\":\"Convertim residus industrials en \u00e0rids sider\u00fargics\",\"publisher\":{\"@id\":\"https:\\\/\\\/adecglobal.com\\\/es\\\/#organization\"},\"potentialAction\":[{\"@type\":\"SearchAction\",\"target\":{\"@type\":\"EntryPoint\",\"urlTemplate\":\"https:\\\/\\\/adecglobal.com\\\/es\\\/?s={search_term_string}\"},\"query-input\":{\"@type\":\"PropertyValueSpecification\",\"valueRequired\":true,\"valueName\":\"search_term_string\"}}],\"inLanguage\":\"es\"},{\"@type\":\"Organization\",\"@id\":\"https:\\\/\\\/adecglobal.com\\\/es\\\/#organization\",\"name\":\"Adec Global\",\"url\":\"https:\\\/\\\/adecglobal.com\\\/es\\\/\",\"logo\":{\"@type\":\"ImageObject\",\"inLanguage\":\"es\",\"@id\":\"https:\\\/\\\/adecglobal.com\\\/es\\\/#\\\/schema\\\/logo\\\/image\\\/\",\"url\":\"https:\\\/\\\/adecglobal.com\\\/wp-content\\\/uploads\\\/2021\\\/04\\\/adec-global-logo.webp\",\"contentUrl\":\"https:\\\/\\\/adecglobal.com\\\/wp-content\\\/uploads\\\/2021\\\/04\\\/adec-global-logo.webp\",\"width\":659,\"height\":141,\"caption\":\"Adec Global\"},\"image\":{\"@id\":\"https:\\\/\\\/adecglobal.com\\\/es\\\/#\\\/schema\\\/logo\\\/image\\\/\"}},{\"@type\":\"Person\",\"@id\":\"https:\\\/\\\/adecglobal.com\\\/es\\\/#\\\/schema\\\/person\\\/f1ecf1183bafeed5e189508b51709e7d\",\"name\":\"admin\",\"image\":{\"@type\":\"ImageObject\",\"inLanguage\":\"es\",\"@id\":\"https:\\\/\\\/secure.gravatar.com\\\/avatar\\\/2c13691c959731c7a5bf693a554cbed3d1402fa36a35babe08d09907ecebc6c3?s=96&d=mm&r=g\",\"url\":\"https:\\\/\\\/secure.gravatar.com\\\/avatar\\\/2c13691c959731c7a5bf693a554cbed3d1402fa36a35babe08d09907ecebc6c3?s=96&d=mm&r=g\",\"contentUrl\":\"https:\\\/\\\/secure.gravatar.com\\\/avatar\\\/2c13691c959731c7a5bf693a554cbed3d1402fa36a35babe08d09907ecebc6c3?s=96&d=mm&r=g\",\"caption\":\"admin\"},\"sameAs\":[\"https:\\\/\\\/adecglobal.com\"]}]}<\/script>\n<!-- \/ Yoast SEO Premium plugin. -->","yoast_head_json":{"title":"Adec Global renueva el asfalto de la C-16 - Adec Global","robots":{"index":"index","follow":"follow","max-snippet":"max-snippet:-1","max-image-preview":"max-image-preview:large","max-video-preview":"max-video-preview:-1"},"canonical":"https:\/\/adecglobal.com\/es\/adec-global-renueva-el-asfalto-de-la-c-16\/","og_locale":"es_ES","og_type":"article","og_title":"Adec Global renueva el asfalto de la C-16","og_description":"El \u00e1rido sider\u00fargico aumenta la seguridad de la v\u00eda entre Berga y Bag\u00e0 especialmente en los tramos m\u00e1s peligrosos, mejorando la adherencia de los veh\u00edculos y reduciendo la accidentalidad de la carretera. A principios de octubre se iniciaban las obras de renovaci\u00f3n de la carretera C-16 en el tramo que va de Berga a Bag\u00e0. [&hellip;]","og_url":"https:\/\/adecglobal.com\/es\/adec-global-renueva-el-asfalto-de-la-c-16\/","og_site_name":"Adec Global","article_published_time":"2015-11-18T11:07:47+00:00","og_image":[{"width":850,"height":450,"url":"https:\/\/adecglobal.com\/wp-content\/uploads\/2021\/09\/bergaweb4-850x450-1.jpg","type":"image\/jpeg"}],"author":"admin","twitter_card":"summary_large_image","twitter_misc":{"Escrito por":"admin","Tiempo de lectura":"2 minutos"},"schema":{"@context":"https:\/\/schema.org","@graph":[{"@type":"Article","@id":"https:\/\/adecglobal.com\/es\/adec-global-renueva-el-asfalto-de-la-c-16\/#article","isPartOf":{"@id":"https:\/\/adecglobal.com\/es\/adec-global-renueva-el-asfalto-de-la-c-16\/"},"author":{"name":"admin","@id":"https:\/\/adecglobal.com\/es\/#\/schema\/person\/f1ecf1183bafeed5e189508b51709e7d"},"headline":"Adec Global renueva el asfalto de la C-16","datePublished":"2015-11-18T11:07:47+00:00","mainEntityOfPage":{"@id":"https:\/\/adecglobal.com\/es\/adec-global-renueva-el-asfalto-de-la-c-16\/"},"wordCount":380,"commentCount":0,"publisher":{"@id":"https:\/\/adecglobal.com\/es\/#organization"},"image":{"@id":"https:\/\/adecglobal.com\/es\/adec-global-renueva-el-asfalto-de-la-c-16\/#primaryimage"},"thumbnailUrl":"https:\/\/adecglobal.com\/wp-content\/uploads\/2021\/09\/bergaweb4-850x450-1.jpg","articleSection":["Adec Global"],"inLanguage":"es","potentialAction":[{"@type":"CommentAction","name":"Comment","target":["https:\/\/adecglobal.com\/es\/adec-global-renueva-el-asfalto-de-la-c-16\/#respond"]}]},{"@type":"WebPage","@id":"https:\/\/adecglobal.com\/es\/adec-global-renueva-el-asfalto-de-la-c-16\/","url":"https:\/\/adecglobal.com\/es\/adec-global-renueva-el-asfalto-de-la-c-16\/","name":"Adec Global renueva el asfalto de la C-16 - Adec Global","isPartOf":{"@id":"https:\/\/adecglobal.com\/es\/#website"},"primaryImageOfPage":{"@id":"https:\/\/adecglobal.com\/es\/adec-global-renueva-el-asfalto-de-la-c-16\/#primaryimage"},"image":{"@id":"https:\/\/adecglobal.com\/es\/adec-global-renueva-el-asfalto-de-la-c-16\/#primaryimage"},"thumbnailUrl":"https:\/\/adecglobal.com\/wp-content\/uploads\/2021\/09\/bergaweb4-850x450-1.jpg","datePublished":"2015-11-18T11:07:47+00:00","breadcrumb":{"@id":"https:\/\/adecglobal.com\/es\/adec-global-renueva-el-asfalto-de-la-c-16\/#breadcrumb"},"inLanguage":"es","potentialAction":[{"@type":"ReadAction","target":["https:\/\/adecglobal.com\/es\/adec-global-renueva-el-asfalto-de-la-c-16\/"]}]},{"@type":"ImageObject","inLanguage":"es","@id":"https:\/\/adecglobal.com\/es\/adec-global-renueva-el-asfalto-de-la-c-16\/#primaryimage","url":"https:\/\/adecglobal.com\/wp-content\/uploads\/2021\/09\/bergaweb4-850x450-1.jpg","contentUrl":"https:\/\/adecglobal.com\/wp-content\/uploads\/2021\/09\/bergaweb4-850x450-1.jpg","width":850,"height":450},{"@type":"BreadcrumbList","@id":"https:\/\/adecglobal.com\/es\/adec-global-renueva-el-asfalto-de-la-c-16\/#breadcrumb","itemListElement":[{"@type":"ListItem","position":1,"name":"Home","item":"https:\/\/adecglobal.com\/es\/hombre\/"},{"@type":"ListItem","position":2,"name":"Adec Global renueva el asfalto de la C-16"}]},{"@type":"WebSite","@id":"https:\/\/adecglobal.com\/es\/#website","url":"https:\/\/adecglobal.com\/es\/","name":"Adec Global","description":"Convertim residus industrials en \u00e0rids sider\u00fargics","publisher":{"@id":"https:\/\/adecglobal.com\/es\/#organization"},"potentialAction":[{"@type":"SearchAction","target":{"@type":"EntryPoint","urlTemplate":"https:\/\/adecglobal.com\/es\/?s={search_term_string}"},"query-input":{"@type":"PropertyValueSpecification","valueRequired":true,"valueName":"search_term_string"}}],"inLanguage":"es"},{"@type":"Organization","@id":"https:\/\/adecglobal.com\/es\/#organization","name":"Adec Global","url":"https:\/\/adecglobal.com\/es\/","logo":{"@type":"ImageObject","inLanguage":"es","@id":"https:\/\/adecglobal.com\/es\/#\/schema\/logo\/image\/","url":"https:\/\/adecglobal.com\/wp-content\/uploads\/2021\/04\/adec-global-logo.webp","contentUrl":"https:\/\/adecglobal.com\/wp-content\/uploads\/2021\/04\/adec-global-logo.webp","width":659,"height":141,"caption":"Adec Global"},"image":{"@id":"https:\/\/adecglobal.com\/es\/#\/schema\/logo\/image\/"}},{"@type":"Person","@id":"https:\/\/adecglobal.com\/es\/#\/schema\/person\/f1ecf1183bafeed5e189508b51709e7d","name":"admin","image":{"@type":"ImageObject","inLanguage":"es","@id":"https:\/\/secure.gravatar.com\/avatar\/2c13691c959731c7a5bf693a554cbed3d1402fa36a35babe08d09907ecebc6c3?s=96&d=mm&r=g","url":"https:\/\/secure.gravatar.com\/avatar\/2c13691c959731c7a5bf693a554cbed3d1402fa36a35babe08d09907ecebc6c3?s=96&d=mm&r=g","contentUrl":"https:\/\/secure.gravatar.com\/avatar\/2c13691c959731c7a5bf693a554cbed3d1402fa36a35babe08d09907ecebc6c3?s=96&d=mm&r=g","caption":"admin"},"sameAs":["https:\/\/adecglobal.com"]}]}},"_links":{"self":[{"href":"https:\/\/adecglobal.com\/es\/wp-json\/wp\/v2\/posts\/4815","targetHints":{"allow":["GET"]}}],"collection":[{"href":"https:\/\/adecglobal.com\/es\/wp-json\/wp\/v2\/posts"}],"about":[{"href":"https:\/\/adecglobal.com\/es\/wp-json\/wp\/v2\/types\/post"}],"author":[{"embeddable":true,"href":"https:\/\/adecglobal.com\/es\/wp-json\/wp\/v2\/users\/1"}],"replies":[{"embeddable":true,"href":"https:\/\/adecglobal.com\/es\/wp-json\/wp\/v2\/comments?post=4815"}],"version-history":[{"count":0,"href":"https:\/\/adecglobal.com\/es\/wp-json\/wp\/v2\/posts\/4815\/revisions"}],"wp:featuredmedia":[{"embeddable":true,"href":"https:\/\/adecglobal.com\/es\/wp-json\/wp\/v2\/media\/1758"}],"wp:attachment":[{"href":"https:\/\/adecglobal.com\/es\/wp-json\/wp\/v2\/media?parent=4815"}],"wp:term":[{"taxonomy":"category","embeddable":true,"href":"https:\/\/adecglobal.com\/es\/wp-json\/wp\/v2\/categories?post=4815"},{"taxonomy":"post_tag","embeddable":true,"href":"https:\/\/adecglobal.com\/es\/wp-json\/wp\/v2\/tags?post=4815"}],"curies":[{"name":"wp","href":"https:\/\/api.w.org\/{rel}","templated":true}]}}