{"id":4819,"date":"2015-05-07T11:53:19","date_gmt":"2015-05-07T09:53:19","guid":{"rendered":"https:\/\/adecglobal.com\/juntos-valorizamos-residuos-y-los-convertimos-en-solidaridad\/"},"modified":"2015-05-07T11:53:19","modified_gmt":"2015-05-07T09:53:19","slug":"juntos-valorizamos-residuos-y-los-convertimos-en-solidaridad","status":"publish","type":"post","link":"https:\/\/adecglobal.com\/es\/juntos-valorizamos-residuos-y-los-convertimos-en-solidaridad\/","title":{"rendered":"Juntos valorizamos Residuos y los convertimos en solidaridad"},"content":{"rendered":"<p>En <strong>Adec Global<\/strong> hemos iniciado una campa\u00f1a de acci\u00f3n solidaria con el objetivo de dar <em><strong>1kg de v\u00edveres<\/strong><\/em> a su banco de alimentos local por <em><strong>cada tonelada de nuestro \u00e1rido sider\u00fargico<\/strong><\/em> que se aplique a sus pavimentos de mezclas bituminosas. De esta manera la sociedad sale doblemente beneficiada: tanto con la acci\u00f3n ambiental, reduciendo la extracci\u00f3n de material de las canteras y la degradaci\u00f3n del medio ambiente, como con la acci\u00f3n social, dando v\u00edveres a las personas de su comunidad que m\u00e1s lo necesitan. Con esta acci\u00f3n queremos trabajar y potenciar una serie de valores como el reciclaje, el respeto a la naturaleza, la seguridad, la ayuda a las personas y la colaboraci\u00f3n. Porque adem\u00e1s de conseguir un producto de alta calidad, ecol\u00f3gico ya un precio inferior, tambi\u00e9n puede contribuir a ayudar a los m\u00e1s necesitados.<\/p>\n<p><strong>Los pavimentos m\u00e1s sostenibles ser\u00e1n tambi\u00e9n los m\u00e1s solidarios.  <\/strong><\/p>\n","protected":false},"excerpt":{"rendered":"<p>En Adec Global hemos iniciado una campa\u00f1a de acci\u00f3n solidaria con el objetivo de dar 1kg de v\u00edveres a su banco de alimentos local por cada tonelada de nuestro \u00e1rido sider\u00fargico que se aplique a sus pavimentos de mezclas bituminosas. De esta manera la sociedad sale doblemente beneficiada: tanto con la acci\u00f3n ambiental, reduciendo la [&hellip;]<\/p>\n","protected":false},"author":1,"featured_media":1755,"comment_status":"open","ping_status":"closed","sticky":false,"template":"","format":"standard","meta":{"footnotes":""},"categories":[49],"tags":[],"class_list":["post-4819","post","type-post","status-publish","format-standard","has-post-thumbnail","hentry","category-adec-global-es"],"yoast_head":"<!-- This site is optimized with the Yoast SEO Premium plugin v27.3 (Yoast SEO v27.3) - https:\/\/yoast.com\/product\/yoast-seo-premium-wordpress\/ -->\n<title>Juntos valorizamos Residuos y los convertimos en solidaridad - Adec Global<\/title>\n<meta name=\"robots\" content=\"index, follow, max-snippet:-1, max-image-preview:large, max-video-preview:-1\" \/>\n<link rel=\"canonical\" href=\"https:\/\/adecglobal.com\/es\/juntos-valorizamos-residuos-y-los-convertimos-en-solidaridad\/\" \/>\n<meta property=\"og:locale\" content=\"es_ES\" \/>\n<meta property=\"og:type\" content=\"article\" \/>\n<meta property=\"og:title\" content=\"Juntos valorizamos Residuos y los convertimos en solidaridad\" \/>\n<meta property=\"og:description\" content=\"En Adec Global hemos iniciado una campa\u00f1a de acci\u00f3n solidaria con el objetivo de dar 1kg de v\u00edveres a su banco de alimentos local por cada tonelada de nuestro \u00e1rido sider\u00fargico que se aplique a sus pavimentos de mezclas bituminosas. De esta manera la sociedad sale doblemente beneficiada: tanto con la acci\u00f3n ambiental, reduciendo la [&hellip;]\" \/>\n<meta property=\"og:url\" content=\"https:\/\/adecglobal.com\/es\/juntos-valorizamos-residuos-y-los-convertimos-en-solidaridad\/\" \/>\n<meta property=\"og:site_name\" content=\"Adec Global\" \/>\n<meta property=\"article:published_time\" content=\"2015-05-07T09:53:19+00:00\" \/>\n<meta property=\"og:image\" content=\"https:\/\/adecglobal.com\/wp-content\/uploads\/2021\/09\/planta1-850x220-1.jpg\" \/>\n\t<meta property=\"og:image:width\" content=\"850\" \/>\n\t<meta property=\"og:image:height\" content=\"220\" \/>\n\t<meta property=\"og:image:type\" content=\"image\/jpeg\" \/>\n<meta name=\"author\" content=\"admin\" \/>\n<meta name=\"twitter:card\" content=\"summary_large_image\" \/>\n<meta name=\"twitter:label1\" content=\"Escrito por\" \/>\n\t<meta name=\"twitter:data1\" content=\"admin\" \/>\n\t<meta name=\"twitter:label2\" content=\"Tiempo de lectura\" \/>\n\t<meta name=\"twitter:data2\" content=\"1 minuto\" \/>\n<script type=\"application\/ld+json\" class=\"yoast-schema-graph\">{\"@context\":\"https:\\\/\\\/schema.org\",\"@graph\":[{\"@type\":\"Article\",\"@id\":\"https:\\\/\\\/adecglobal.com\\\/es\\\/juntos-valorizamos-residuos-y-los-convertimos-en-solidaridad\\\/#article\",\"isPartOf\":{\"@id\":\"https:\\\/\\\/adecglobal.com\\\/es\\\/juntos-valorizamos-residuos-y-los-convertimos-en-solidaridad\\\/\"},\"author\":{\"name\":\"admin\",\"@id\":\"https:\\\/\\\/adecglobal.com\\\/es\\\/#\\\/schema\\\/person\\\/f1ecf1183bafeed5e189508b51709e7d\"},\"headline\":\"Juntos valorizamos Residuos y los convertimos en solidaridad\",\"datePublished\":\"2015-05-07T09:53:19+00:00\",\"mainEntityOfPage\":{\"@id\":\"https:\\\/\\\/adecglobal.com\\\/es\\\/juntos-valorizamos-residuos-y-los-convertimos-en-solidaridad\\\/\"},\"wordCount\":173,\"commentCount\":0,\"publisher\":{\"@id\":\"https:\\\/\\\/adecglobal.com\\\/es\\\/#organization\"},\"image\":{\"@id\":\"https:\\\/\\\/adecglobal.com\\\/es\\\/juntos-valorizamos-residuos-y-los-convertimos-en-solidaridad\\\/#primaryimage\"},\"thumbnailUrl\":\"https:\\\/\\\/adecglobal.com\\\/wp-content\\\/uploads\\\/2021\\\/09\\\/planta1-850x220-1.jpg\",\"articleSection\":[\"Adec Global\"],\"inLanguage\":\"es\",\"potentialAction\":[{\"@type\":\"CommentAction\",\"name\":\"Comment\",\"target\":[\"https:\\\/\\\/adecglobal.com\\\/es\\\/juntos-valorizamos-residuos-y-los-convertimos-en-solidaridad\\\/#respond\"]}]},{\"@type\":\"WebPage\",\"@id\":\"https:\\\/\\\/adecglobal.com\\\/es\\\/juntos-valorizamos-residuos-y-los-convertimos-en-solidaridad\\\/\",\"url\":\"https:\\\/\\\/adecglobal.com\\\/es\\\/juntos-valorizamos-residuos-y-los-convertimos-en-solidaridad\\\/\",\"name\":\"Juntos valorizamos Residuos y los convertimos en solidaridad - Adec Global\",\"isPartOf\":{\"@id\":\"https:\\\/\\\/adecglobal.com\\\/es\\\/#website\"},\"primaryImageOfPage\":{\"@id\":\"https:\\\/\\\/adecglobal.com\\\/es\\\/juntos-valorizamos-residuos-y-los-convertimos-en-solidaridad\\\/#primaryimage\"},\"image\":{\"@id\":\"https:\\\/\\\/adecglobal.com\\\/es\\\/juntos-valorizamos-residuos-y-los-convertimos-en-solidaridad\\\/#primaryimage\"},\"thumbnailUrl\":\"https:\\\/\\\/adecglobal.com\\\/wp-content\\\/uploads\\\/2021\\\/09\\\/planta1-850x220-1.jpg\",\"datePublished\":\"2015-05-07T09:53:19+00:00\",\"breadcrumb\":{\"@id\":\"https:\\\/\\\/adecglobal.com\\\/es\\\/juntos-valorizamos-residuos-y-los-convertimos-en-solidaridad\\\/#breadcrumb\"},\"inLanguage\":\"es\",\"potentialAction\":[{\"@type\":\"ReadAction\",\"target\":[\"https:\\\/\\\/adecglobal.com\\\/es\\\/juntos-valorizamos-residuos-y-los-convertimos-en-solidaridad\\\/\"]}]},{\"@type\":\"ImageObject\",\"inLanguage\":\"es\",\"@id\":\"https:\\\/\\\/adecglobal.com\\\/es\\\/juntos-valorizamos-residuos-y-los-convertimos-en-solidaridad\\\/#primaryimage\",\"url\":\"https:\\\/\\\/adecglobal.com\\\/wp-content\\\/uploads\\\/2021\\\/09\\\/planta1-850x220-1.jpg\",\"contentUrl\":\"https:\\\/\\\/adecglobal.com\\\/wp-content\\\/uploads\\\/2021\\\/09\\\/planta1-850x220-1.jpg\",\"width\":850,\"height\":220},{\"@type\":\"BreadcrumbList\",\"@id\":\"https:\\\/\\\/adecglobal.com\\\/es\\\/juntos-valorizamos-residuos-y-los-convertimos-en-solidaridad\\\/#breadcrumb\",\"itemListElement\":[{\"@type\":\"ListItem\",\"position\":1,\"name\":\"Home\",\"item\":\"https:\\\/\\\/adecglobal.com\\\/es\\\/hombre\\\/\"},{\"@type\":\"ListItem\",\"position\":2,\"name\":\"Juntos valorizamos Residuos y los convertimos en solidaridad\"}]},{\"@type\":\"WebSite\",\"@id\":\"https:\\\/\\\/adecglobal.com\\\/es\\\/#website\",\"url\":\"https:\\\/\\\/adecglobal.com\\\/es\\\/\",\"name\":\"Adec Global\",\"description\":\"Convertim residus industrials en \u00e0rids sider\u00fargics\",\"publisher\":{\"@id\":\"https:\\\/\\\/adecglobal.com\\\/es\\\/#organization\"},\"potentialAction\":[{\"@type\":\"SearchAction\",\"target\":{\"@type\":\"EntryPoint\",\"urlTemplate\":\"https:\\\/\\\/adecglobal.com\\\/es\\\/?s={search_term_string}\"},\"query-input\":{\"@type\":\"PropertyValueSpecification\",\"valueRequired\":true,\"valueName\":\"search_term_string\"}}],\"inLanguage\":\"es\"},{\"@type\":\"Organization\",\"@id\":\"https:\\\/\\\/adecglobal.com\\\/es\\\/#organization\",\"name\":\"Adec Global\",\"url\":\"https:\\\/\\\/adecglobal.com\\\/es\\\/\",\"logo\":{\"@type\":\"ImageObject\",\"inLanguage\":\"es\",\"@id\":\"https:\\\/\\\/adecglobal.com\\\/es\\\/#\\\/schema\\\/logo\\\/image\\\/\",\"url\":\"https:\\\/\\\/adecglobal.com\\\/wp-content\\\/uploads\\\/2021\\\/04\\\/adec-global-logo.webp\",\"contentUrl\":\"https:\\\/\\\/adecglobal.com\\\/wp-content\\\/uploads\\\/2021\\\/04\\\/adec-global-logo.webp\",\"width\":659,\"height\":141,\"caption\":\"Adec Global\"},\"image\":{\"@id\":\"https:\\\/\\\/adecglobal.com\\\/es\\\/#\\\/schema\\\/logo\\\/image\\\/\"}},{\"@type\":\"Person\",\"@id\":\"https:\\\/\\\/adecglobal.com\\\/es\\\/#\\\/schema\\\/person\\\/f1ecf1183bafeed5e189508b51709e7d\",\"name\":\"admin\",\"image\":{\"@type\":\"ImageObject\",\"inLanguage\":\"es\",\"@id\":\"https:\\\/\\\/secure.gravatar.com\\\/avatar\\\/2c13691c959731c7a5bf693a554cbed3d1402fa36a35babe08d09907ecebc6c3?s=96&d=mm&r=g\",\"url\":\"https:\\\/\\\/secure.gravatar.com\\\/avatar\\\/2c13691c959731c7a5bf693a554cbed3d1402fa36a35babe08d09907ecebc6c3?s=96&d=mm&r=g\",\"contentUrl\":\"https:\\\/\\\/secure.gravatar.com\\\/avatar\\\/2c13691c959731c7a5bf693a554cbed3d1402fa36a35babe08d09907ecebc6c3?s=96&d=mm&r=g\",\"caption\":\"admin\"},\"sameAs\":[\"https:\\\/\\\/adecglobal.com\"]}]}<\/script>\n<!-- \/ Yoast SEO Premium plugin. -->","yoast_head_json":{"title":"Juntos valorizamos Residuos y los convertimos en solidaridad - Adec Global","robots":{"index":"index","follow":"follow","max-snippet":"max-snippet:-1","max-image-preview":"max-image-preview:large","max-video-preview":"max-video-preview:-1"},"canonical":"https:\/\/adecglobal.com\/es\/juntos-valorizamos-residuos-y-los-convertimos-en-solidaridad\/","og_locale":"es_ES","og_type":"article","og_title":"Juntos valorizamos Residuos y los convertimos en solidaridad","og_description":"En Adec Global hemos iniciado una campa\u00f1a de acci\u00f3n solidaria con el objetivo de dar 1kg de v\u00edveres a su banco de alimentos local por cada tonelada de nuestro \u00e1rido sider\u00fargico que se aplique a sus pavimentos de mezclas bituminosas. De esta manera la sociedad sale doblemente beneficiada: tanto con la acci\u00f3n ambiental, reduciendo la [&hellip;]","og_url":"https:\/\/adecglobal.com\/es\/juntos-valorizamos-residuos-y-los-convertimos-en-solidaridad\/","og_site_name":"Adec Global","article_published_time":"2015-05-07T09:53:19+00:00","og_image":[{"width":850,"height":220,"url":"https:\/\/adecglobal.com\/wp-content\/uploads\/2021\/09\/planta1-850x220-1.jpg","type":"image\/jpeg"}],"author":"admin","twitter_card":"summary_large_image","twitter_misc":{"Escrito por":"admin","Tiempo de lectura":"1 minuto"},"schema":{"@context":"https:\/\/schema.org","@graph":[{"@type":"Article","@id":"https:\/\/adecglobal.com\/es\/juntos-valorizamos-residuos-y-los-convertimos-en-solidaridad\/#article","isPartOf":{"@id":"https:\/\/adecglobal.com\/es\/juntos-valorizamos-residuos-y-los-convertimos-en-solidaridad\/"},"author":{"name":"admin","@id":"https:\/\/adecglobal.com\/es\/#\/schema\/person\/f1ecf1183bafeed5e189508b51709e7d"},"headline":"Juntos valorizamos Residuos y los convertimos en solidaridad","datePublished":"2015-05-07T09:53:19+00:00","mainEntityOfPage":{"@id":"https:\/\/adecglobal.com\/es\/juntos-valorizamos-residuos-y-los-convertimos-en-solidaridad\/"},"wordCount":173,"commentCount":0,"publisher":{"@id":"https:\/\/adecglobal.com\/es\/#organization"},"image":{"@id":"https:\/\/adecglobal.com\/es\/juntos-valorizamos-residuos-y-los-convertimos-en-solidaridad\/#primaryimage"},"thumbnailUrl":"https:\/\/adecglobal.com\/wp-content\/uploads\/2021\/09\/planta1-850x220-1.jpg","articleSection":["Adec Global"],"inLanguage":"es","potentialAction":[{"@type":"CommentAction","name":"Comment","target":["https:\/\/adecglobal.com\/es\/juntos-valorizamos-residuos-y-los-convertimos-en-solidaridad\/#respond"]}]},{"@type":"WebPage","@id":"https:\/\/adecglobal.com\/es\/juntos-valorizamos-residuos-y-los-convertimos-en-solidaridad\/","url":"https:\/\/adecglobal.com\/es\/juntos-valorizamos-residuos-y-los-convertimos-en-solidaridad\/","name":"Juntos valorizamos Residuos y los convertimos en solidaridad - Adec Global","isPartOf":{"@id":"https:\/\/adecglobal.com\/es\/#website"},"primaryImageOfPage":{"@id":"https:\/\/adecglobal.com\/es\/juntos-valorizamos-residuos-y-los-convertimos-en-solidaridad\/#primaryimage"},"image":{"@id":"https:\/\/adecglobal.com\/es\/juntos-valorizamos-residuos-y-los-convertimos-en-solidaridad\/#primaryimage"},"thumbnailUrl":"https:\/\/adecglobal.com\/wp-content\/uploads\/2021\/09\/planta1-850x220-1.jpg","datePublished":"2015-05-07T09:53:19+00:00","breadcrumb":{"@id":"https:\/\/adecglobal.com\/es\/juntos-valorizamos-residuos-y-los-convertimos-en-solidaridad\/#breadcrumb"},"inLanguage":"es","potentialAction":[{"@type":"ReadAction","target":["https:\/\/adecglobal.com\/es\/juntos-valorizamos-residuos-y-los-convertimos-en-solidaridad\/"]}]},{"@type":"ImageObject","inLanguage":"es","@id":"https:\/\/adecglobal.com\/es\/juntos-valorizamos-residuos-y-los-convertimos-en-solidaridad\/#primaryimage","url":"https:\/\/adecglobal.com\/wp-content\/uploads\/2021\/09\/planta1-850x220-1.jpg","contentUrl":"https:\/\/adecglobal.com\/wp-content\/uploads\/2021\/09\/planta1-850x220-1.jpg","width":850,"height":220},{"@type":"BreadcrumbList","@id":"https:\/\/adecglobal.com\/es\/juntos-valorizamos-residuos-y-los-convertimos-en-solidaridad\/#breadcrumb","itemListElement":[{"@type":"ListItem","position":1,"name":"Home","item":"https:\/\/adecglobal.com\/es\/hombre\/"},{"@type":"ListItem","position":2,"name":"Juntos valorizamos Residuos y los convertimos en solidaridad"}]},{"@type":"WebSite","@id":"https:\/\/adecglobal.com\/es\/#website","url":"https:\/\/adecglobal.com\/es\/","name":"Adec Global","description":"Convertim residus industrials en \u00e0rids sider\u00fargics","publisher":{"@id":"https:\/\/adecglobal.com\/es\/#organization"},"potentialAction":[{"@type":"SearchAction","target":{"@type":"EntryPoint","urlTemplate":"https:\/\/adecglobal.com\/es\/?s={search_term_string}"},"query-input":{"@type":"PropertyValueSpecification","valueRequired":true,"valueName":"search_term_string"}}],"inLanguage":"es"},{"@type":"Organization","@id":"https:\/\/adecglobal.com\/es\/#organization","name":"Adec Global","url":"https:\/\/adecglobal.com\/es\/","logo":{"@type":"ImageObject","inLanguage":"es","@id":"https:\/\/adecglobal.com\/es\/#\/schema\/logo\/image\/","url":"https:\/\/adecglobal.com\/wp-content\/uploads\/2021\/04\/adec-global-logo.webp","contentUrl":"https:\/\/adecglobal.com\/wp-content\/uploads\/2021\/04\/adec-global-logo.webp","width":659,"height":141,"caption":"Adec Global"},"image":{"@id":"https:\/\/adecglobal.com\/es\/#\/schema\/logo\/image\/"}},{"@type":"Person","@id":"https:\/\/adecglobal.com\/es\/#\/schema\/person\/f1ecf1183bafeed5e189508b51709e7d","name":"admin","image":{"@type":"ImageObject","inLanguage":"es","@id":"https:\/\/secure.gravatar.com\/avatar\/2c13691c959731c7a5bf693a554cbed3d1402fa36a35babe08d09907ecebc6c3?s=96&d=mm&r=g","url":"https:\/\/secure.gravatar.com\/avatar\/2c13691c959731c7a5bf693a554cbed3d1402fa36a35babe08d09907ecebc6c3?s=96&d=mm&r=g","contentUrl":"https:\/\/secure.gravatar.com\/avatar\/2c13691c959731c7a5bf693a554cbed3d1402fa36a35babe08d09907ecebc6c3?s=96&d=mm&r=g","caption":"admin"},"sameAs":["https:\/\/adecglobal.com"]}]}},"_links":{"self":[{"href":"https:\/\/adecglobal.com\/es\/wp-json\/wp\/v2\/posts\/4819","targetHints":{"allow":["GET"]}}],"collection":[{"href":"https:\/\/adecglobal.com\/es\/wp-json\/wp\/v2\/posts"}],"about":[{"href":"https:\/\/adecglobal.com\/es\/wp-json\/wp\/v2\/types\/post"}],"author":[{"embeddable":true,"href":"https:\/\/adecglobal.com\/es\/wp-json\/wp\/v2\/users\/1"}],"replies":[{"embeddable":true,"href":"https:\/\/adecglobal.com\/es\/wp-json\/wp\/v2\/comments?post=4819"}],"version-history":[{"count":0,"href":"https:\/\/adecglobal.com\/es\/wp-json\/wp\/v2\/posts\/4819\/revisions"}],"wp:featuredmedia":[{"embeddable":true,"href":"https:\/\/adecglobal.com\/es\/wp-json\/wp\/v2\/media\/1755"}],"wp:attachment":[{"href":"https:\/\/adecglobal.com\/es\/wp-json\/wp\/v2\/media?parent=4819"}],"wp:term":[{"taxonomy":"category","embeddable":true,"href":"https:\/\/adecglobal.com\/es\/wp-json\/wp\/v2\/categories?post=4819"},{"taxonomy":"post_tag","embeddable":true,"href":"https:\/\/adecglobal.com\/es\/wp-json\/wp\/v2\/tags?post=4819"}],"curies":[{"name":"wp","href":"https:\/\/api.w.org\/{rel}","templated":true}]}}