{"id":4824,"date":"2015-07-27T08:43:59","date_gmt":"2015-07-27T06:43:59","guid":{"rendered":"https:\/\/adecglobal.com\/adec-global-participa-en-el-derribo-de-la-fabrica-de-campofrio-incendiada-en-burgos\/"},"modified":"2015-07-27T08:43:59","modified_gmt":"2015-07-27T06:43:59","slug":"adec-global-participa-en-el-derribo-de-la-fabrica-de-campofrio-incendiada-en-burgos","status":"publish","type":"post","link":"https:\/\/adecglobal.com\/es\/adec-global-participa-en-el-derribo-de-la-fabrica-de-campofrio-incendiada-en-burgos\/","title":{"rendered":"Adec Global participa en el derribo de la f\u00e1brica de Campofr\u00edo incendiada en Burgos"},"content":{"rendered":"<p style=\"text-align: justify;\">La f\u00e1brica Campofr\u00edo de Burgos, situada en el pol\u00edgono de Gamonal, qued\u00f3 destruida el pasado 16 de noviembre de 2014. Fue a causa de un incendio, del que a\u00fan se desconocen sus causas. Este hecho, ha llevado al derribo de la f\u00e1brica, realizado por la empresa Erri-Berri Construcciones y Excavaciones. En esta obra han participado un total de cincuenta trabajadores, que han sido contratados por Erri-Berri, junto a los responsables de Campofr\u00edo.     <span style=\"line-height: 1.5;\">\u00c9sta, ha tenido una duraci\u00f3n de tres meses, y un coste de 1,2 millones de euros.<\/span><\/p>\n<p style=\"text-align: justify;\">Una vez derribada la antigua f\u00e1brica, Campofr\u00edo ha anunciado que construir\u00e1 una nueva planta, en el mismo recinto, de 78.000 metros cuadrados y una capacidad productiva de 100.000 toneladas.<\/p>\n<p style=\"text-align: justify;\">Adec Global, subcontratada por la empresa Erri-Berri Construcciones y Excavaciones, ha participado en la obra, para reciclar todo el material que se ha generado en el derribo de la antigua f\u00e1brica.<\/p>\n<p>&nbsp;<\/p>\n<p><a href=\"http:\/\/nova.adecglobal.com\/wp-content\/uploads\/2015\/07\/FullSizeRender-1.jpg\"><img fetchpriority=\"high\" decoding=\"async\" class=\"alignnone wp-image-1138 size-medium\" src=\"http:\/\/nova.adecglobal.com\/wp-content\/uploads\/2015\/07\/FullSizeRender-1-300x242.jpg\" alt=\"\" width=\"300\" height=\"242\" srcset=\"https:\/\/adecglobal.com\/wp-content\/uploads\/2015\/07\/FullSizeRender-1-300x242.jpg 300w, https:\/\/adecglobal.com\/wp-content\/uploads\/2015\/07\/FullSizeRender-1.jpg 640w\" sizes=\"(max-width: 300px) 100vw, 300px\" \/><\/a> <a href=\"http:\/\/nova.adecglobal.com\/wp-content\/uploads\/2015\/07\/FullSizeRender.jpg\"><img decoding=\"async\" class=\"alignnone wp-image-1139 size-medium\" src=\"http:\/\/nova.adecglobal.com\/wp-content\/uploads\/2015\/07\/FullSizeRender-300x263.jpg\" alt=\"\" width=\"300\" height=\"263\" srcset=\"https:\/\/adecglobal.com\/wp-content\/uploads\/2015\/07\/FullSizeRender-300x263.jpg 300w, https:\/\/adecglobal.com\/wp-content\/uploads\/2015\/07\/FullSizeRender.jpg 626w\" sizes=\"(max-width: 300px) 100vw, 300px\" \/><\/a><\/p>\n","protected":false},"excerpt":{"rendered":"<p>La f\u00e1brica Campofr\u00edo de Burgos, situada en el pol\u00edgono de Gamonal, qued\u00f3 destruida el pasado 16 de noviembre de 2014. Fue a causa de un incendio, del que a\u00fan se desconocen sus causas. Este hecho, ha llevado al derribo de la f\u00e1brica, realizado por la empresa Erri-Berri Construcciones y Excavaciones. En esta obra han participado [&hellip;]<\/p>\n","protected":false},"author":1,"featured_media":1739,"comment_status":"open","ping_status":"closed","sticky":false,"template":"","format":"standard","meta":{"footnotes":""},"categories":[50],"tags":[],"class_list":["post-4824","post","type-post","status-publish","format-standard","has-post-thumbnail","hentry","category-obra-civil-es"],"yoast_head":"<!-- This site is optimized with the Yoast SEO Premium plugin v27.3 (Yoast SEO v27.3) - https:\/\/yoast.com\/product\/yoast-seo-premium-wordpress\/ -->\n<title>Adec Global participa en el derribo de la f\u00e1brica de Campofr\u00edo incendiada en Burgos - Adec Global<\/title>\n<meta name=\"robots\" content=\"index, follow, max-snippet:-1, max-image-preview:large, max-video-preview:-1\" \/>\n<link rel=\"canonical\" href=\"https:\/\/adecglobal.com\/es\/adec-global-participa-en-el-derribo-de-la-fabrica-de-campofrio-incendiada-en-burgos\/\" \/>\n<meta property=\"og:locale\" content=\"es_ES\" \/>\n<meta property=\"og:type\" content=\"article\" \/>\n<meta property=\"og:title\" content=\"Adec Global participa en el derribo de la f\u00e1brica de Campofr\u00edo incendiada en Burgos\" \/>\n<meta property=\"og:description\" content=\"La f\u00e1brica Campofr\u00edo de Burgos, situada en el pol\u00edgono de Gamonal, qued\u00f3 destruida el pasado 16 de noviembre de 2014. Fue a causa de un incendio, del que a\u00fan se desconocen sus causas. Este hecho, ha llevado al derribo de la f\u00e1brica, realizado por la empresa Erri-Berri Construcciones y Excavaciones. En esta obra han participado [&hellip;]\" \/>\n<meta property=\"og:url\" content=\"https:\/\/adecglobal.com\/es\/adec-global-participa-en-el-derribo-de-la-fabrica-de-campofrio-incendiada-en-burgos\/\" \/>\n<meta property=\"og:site_name\" content=\"Adec Global\" \/>\n<meta property=\"article:published_time\" content=\"2015-07-27T06:43:59+00:00\" \/>\n<meta property=\"og:image\" content=\"https:\/\/adecglobal.com\/wp-content\/uploads\/2015\/07\/campofrio.jpg\" \/>\n\t<meta property=\"og:image:width\" content=\"614\" \/>\n\t<meta property=\"og:image:height\" content=\"347\" \/>\n\t<meta property=\"og:image:type\" content=\"image\/jpeg\" \/>\n<meta name=\"author\" content=\"admin\" \/>\n<meta name=\"twitter:card\" content=\"summary_large_image\" \/>\n<meta name=\"twitter:label1\" content=\"Escrito por\" \/>\n\t<meta name=\"twitter:data1\" content=\"admin\" \/>\n\t<meta name=\"twitter:label2\" content=\"Tiempo de lectura\" \/>\n\t<meta name=\"twitter:data2\" content=\"1 minuto\" \/>\n<script type=\"application\/ld+json\" class=\"yoast-schema-graph\">{\"@context\":\"https:\\\/\\\/schema.org\",\"@graph\":[{\"@type\":\"Article\",\"@id\":\"https:\\\/\\\/adecglobal.com\\\/es\\\/adec-global-participa-en-el-derribo-de-la-fabrica-de-campofrio-incendiada-en-burgos\\\/#article\",\"isPartOf\":{\"@id\":\"https:\\\/\\\/adecglobal.com\\\/es\\\/adec-global-participa-en-el-derribo-de-la-fabrica-de-campofrio-incendiada-en-burgos\\\/\"},\"author\":{\"name\":\"admin\",\"@id\":\"https:\\\/\\\/adecglobal.com\\\/es\\\/#\\\/schema\\\/person\\\/f1ecf1183bafeed5e189508b51709e7d\"},\"headline\":\"Adec Global participa en el derribo de la f\u00e1brica de Campofr\u00edo incendiada en Burgos\",\"datePublished\":\"2015-07-27T06:43:59+00:00\",\"mainEntityOfPage\":{\"@id\":\"https:\\\/\\\/adecglobal.com\\\/es\\\/adec-global-participa-en-el-derribo-de-la-fabrica-de-campofrio-incendiada-en-burgos\\\/\"},\"wordCount\":170,\"commentCount\":0,\"publisher\":{\"@id\":\"https:\\\/\\\/adecglobal.com\\\/es\\\/#organization\"},\"image\":{\"@id\":\"https:\\\/\\\/adecglobal.com\\\/es\\\/adec-global-participa-en-el-derribo-de-la-fabrica-de-campofrio-incendiada-en-burgos\\\/#primaryimage\"},\"thumbnailUrl\":\"https:\\\/\\\/adecglobal.com\\\/wp-content\\\/uploads\\\/2015\\\/07\\\/campofrio.jpg\",\"articleSection\":[\"Obra Civil\"],\"inLanguage\":\"es\",\"potentialAction\":[{\"@type\":\"CommentAction\",\"name\":\"Comment\",\"target\":[\"https:\\\/\\\/adecglobal.com\\\/es\\\/adec-global-participa-en-el-derribo-de-la-fabrica-de-campofrio-incendiada-en-burgos\\\/#respond\"]}]},{\"@type\":\"WebPage\",\"@id\":\"https:\\\/\\\/adecglobal.com\\\/es\\\/adec-global-participa-en-el-derribo-de-la-fabrica-de-campofrio-incendiada-en-burgos\\\/\",\"url\":\"https:\\\/\\\/adecglobal.com\\\/es\\\/adec-global-participa-en-el-derribo-de-la-fabrica-de-campofrio-incendiada-en-burgos\\\/\",\"name\":\"Adec Global participa en el derribo de la f\u00e1brica de Campofr\u00edo incendiada en Burgos - Adec Global\",\"isPartOf\":{\"@id\":\"https:\\\/\\\/adecglobal.com\\\/es\\\/#website\"},\"primaryImageOfPage\":{\"@id\":\"https:\\\/\\\/adecglobal.com\\\/es\\\/adec-global-participa-en-el-derribo-de-la-fabrica-de-campofrio-incendiada-en-burgos\\\/#primaryimage\"},\"image\":{\"@id\":\"https:\\\/\\\/adecglobal.com\\\/es\\\/adec-global-participa-en-el-derribo-de-la-fabrica-de-campofrio-incendiada-en-burgos\\\/#primaryimage\"},\"thumbnailUrl\":\"https:\\\/\\\/adecglobal.com\\\/wp-content\\\/uploads\\\/2015\\\/07\\\/campofrio.jpg\",\"datePublished\":\"2015-07-27T06:43:59+00:00\",\"breadcrumb\":{\"@id\":\"https:\\\/\\\/adecglobal.com\\\/es\\\/adec-global-participa-en-el-derribo-de-la-fabrica-de-campofrio-incendiada-en-burgos\\\/#breadcrumb\"},\"inLanguage\":\"es\",\"potentialAction\":[{\"@type\":\"ReadAction\",\"target\":[\"https:\\\/\\\/adecglobal.com\\\/es\\\/adec-global-participa-en-el-derribo-de-la-fabrica-de-campofrio-incendiada-en-burgos\\\/\"]}]},{\"@type\":\"ImageObject\",\"inLanguage\":\"es\",\"@id\":\"https:\\\/\\\/adecglobal.com\\\/es\\\/adec-global-participa-en-el-derribo-de-la-fabrica-de-campofrio-incendiada-en-burgos\\\/#primaryimage\",\"url\":\"https:\\\/\\\/adecglobal.com\\\/wp-content\\\/uploads\\\/2015\\\/07\\\/campofrio.jpg\",\"contentUrl\":\"https:\\\/\\\/adecglobal.com\\\/wp-content\\\/uploads\\\/2015\\\/07\\\/campofrio.jpg\",\"width\":614,\"height\":347},{\"@type\":\"BreadcrumbList\",\"@id\":\"https:\\\/\\\/adecglobal.com\\\/es\\\/adec-global-participa-en-el-derribo-de-la-fabrica-de-campofrio-incendiada-en-burgos\\\/#breadcrumb\",\"itemListElement\":[{\"@type\":\"ListItem\",\"position\":1,\"name\":\"Home\",\"item\":\"https:\\\/\\\/adecglobal.com\\\/es\\\/hombre\\\/\"},{\"@type\":\"ListItem\",\"position\":2,\"name\":\"Adec Global participa en el derribo de la f\u00e1brica de Campofr\u00edo incendiada en Burgos\"}]},{\"@type\":\"WebSite\",\"@id\":\"https:\\\/\\\/adecglobal.com\\\/es\\\/#website\",\"url\":\"https:\\\/\\\/adecglobal.com\\\/es\\\/\",\"name\":\"Adec Global\",\"description\":\"Convertim residus industrials en \u00e0rids sider\u00fargics\",\"publisher\":{\"@id\":\"https:\\\/\\\/adecglobal.com\\\/es\\\/#organization\"},\"potentialAction\":[{\"@type\":\"SearchAction\",\"target\":{\"@type\":\"EntryPoint\",\"urlTemplate\":\"https:\\\/\\\/adecglobal.com\\\/es\\\/?s={search_term_string}\"},\"query-input\":{\"@type\":\"PropertyValueSpecification\",\"valueRequired\":true,\"valueName\":\"search_term_string\"}}],\"inLanguage\":\"es\"},{\"@type\":\"Organization\",\"@id\":\"https:\\\/\\\/adecglobal.com\\\/es\\\/#organization\",\"name\":\"Adec Global\",\"url\":\"https:\\\/\\\/adecglobal.com\\\/es\\\/\",\"logo\":{\"@type\":\"ImageObject\",\"inLanguage\":\"es\",\"@id\":\"https:\\\/\\\/adecglobal.com\\\/es\\\/#\\\/schema\\\/logo\\\/image\\\/\",\"url\":\"https:\\\/\\\/adecglobal.com\\\/wp-content\\\/uploads\\\/2021\\\/04\\\/adec-global-logo.webp\",\"contentUrl\":\"https:\\\/\\\/adecglobal.com\\\/wp-content\\\/uploads\\\/2021\\\/04\\\/adec-global-logo.webp\",\"width\":659,\"height\":141,\"caption\":\"Adec Global\"},\"image\":{\"@id\":\"https:\\\/\\\/adecglobal.com\\\/es\\\/#\\\/schema\\\/logo\\\/image\\\/\"}},{\"@type\":\"Person\",\"@id\":\"https:\\\/\\\/adecglobal.com\\\/es\\\/#\\\/schema\\\/person\\\/f1ecf1183bafeed5e189508b51709e7d\",\"name\":\"admin\",\"image\":{\"@type\":\"ImageObject\",\"inLanguage\":\"es\",\"@id\":\"https:\\\/\\\/secure.gravatar.com\\\/avatar\\\/2c13691c959731c7a5bf693a554cbed3d1402fa36a35babe08d09907ecebc6c3?s=96&d=mm&r=g\",\"url\":\"https:\\\/\\\/secure.gravatar.com\\\/avatar\\\/2c13691c959731c7a5bf693a554cbed3d1402fa36a35babe08d09907ecebc6c3?s=96&d=mm&r=g\",\"contentUrl\":\"https:\\\/\\\/secure.gravatar.com\\\/avatar\\\/2c13691c959731c7a5bf693a554cbed3d1402fa36a35babe08d09907ecebc6c3?s=96&d=mm&r=g\",\"caption\":\"admin\"},\"sameAs\":[\"https:\\\/\\\/adecglobal.com\"]}]}<\/script>\n<!-- \/ Yoast SEO Premium plugin. -->","yoast_head_json":{"title":"Adec Global participa en el derribo de la f\u00e1brica de Campofr\u00edo incendiada en Burgos - Adec Global","robots":{"index":"index","follow":"follow","max-snippet":"max-snippet:-1","max-image-preview":"max-image-preview:large","max-video-preview":"max-video-preview:-1"},"canonical":"https:\/\/adecglobal.com\/es\/adec-global-participa-en-el-derribo-de-la-fabrica-de-campofrio-incendiada-en-burgos\/","og_locale":"es_ES","og_type":"article","og_title":"Adec Global participa en el derribo de la f\u00e1brica de Campofr\u00edo incendiada en Burgos","og_description":"La f\u00e1brica Campofr\u00edo de Burgos, situada en el pol\u00edgono de Gamonal, qued\u00f3 destruida el pasado 16 de noviembre de 2014. Fue a causa de un incendio, del que a\u00fan se desconocen sus causas. Este hecho, ha llevado al derribo de la f\u00e1brica, realizado por la empresa Erri-Berri Construcciones y Excavaciones. En esta obra han participado [&hellip;]","og_url":"https:\/\/adecglobal.com\/es\/adec-global-participa-en-el-derribo-de-la-fabrica-de-campofrio-incendiada-en-burgos\/","og_site_name":"Adec Global","article_published_time":"2015-07-27T06:43:59+00:00","og_image":[{"width":614,"height":347,"url":"https:\/\/adecglobal.com\/wp-content\/uploads\/2015\/07\/campofrio.jpg","type":"image\/jpeg"}],"author":"admin","twitter_card":"summary_large_image","twitter_misc":{"Escrito por":"admin","Tiempo de lectura":"1 minuto"},"schema":{"@context":"https:\/\/schema.org","@graph":[{"@type":"Article","@id":"https:\/\/adecglobal.com\/es\/adec-global-participa-en-el-derribo-de-la-fabrica-de-campofrio-incendiada-en-burgos\/#article","isPartOf":{"@id":"https:\/\/adecglobal.com\/es\/adec-global-participa-en-el-derribo-de-la-fabrica-de-campofrio-incendiada-en-burgos\/"},"author":{"name":"admin","@id":"https:\/\/adecglobal.com\/es\/#\/schema\/person\/f1ecf1183bafeed5e189508b51709e7d"},"headline":"Adec Global participa en el derribo de la f\u00e1brica de Campofr\u00edo incendiada en Burgos","datePublished":"2015-07-27T06:43:59+00:00","mainEntityOfPage":{"@id":"https:\/\/adecglobal.com\/es\/adec-global-participa-en-el-derribo-de-la-fabrica-de-campofrio-incendiada-en-burgos\/"},"wordCount":170,"commentCount":0,"publisher":{"@id":"https:\/\/adecglobal.com\/es\/#organization"},"image":{"@id":"https:\/\/adecglobal.com\/es\/adec-global-participa-en-el-derribo-de-la-fabrica-de-campofrio-incendiada-en-burgos\/#primaryimage"},"thumbnailUrl":"https:\/\/adecglobal.com\/wp-content\/uploads\/2015\/07\/campofrio.jpg","articleSection":["Obra Civil"],"inLanguage":"es","potentialAction":[{"@type":"CommentAction","name":"Comment","target":["https:\/\/adecglobal.com\/es\/adec-global-participa-en-el-derribo-de-la-fabrica-de-campofrio-incendiada-en-burgos\/#respond"]}]},{"@type":"WebPage","@id":"https:\/\/adecglobal.com\/es\/adec-global-participa-en-el-derribo-de-la-fabrica-de-campofrio-incendiada-en-burgos\/","url":"https:\/\/adecglobal.com\/es\/adec-global-participa-en-el-derribo-de-la-fabrica-de-campofrio-incendiada-en-burgos\/","name":"Adec Global participa en el derribo de la f\u00e1brica de Campofr\u00edo incendiada en Burgos - Adec Global","isPartOf":{"@id":"https:\/\/adecglobal.com\/es\/#website"},"primaryImageOfPage":{"@id":"https:\/\/adecglobal.com\/es\/adec-global-participa-en-el-derribo-de-la-fabrica-de-campofrio-incendiada-en-burgos\/#primaryimage"},"image":{"@id":"https:\/\/adecglobal.com\/es\/adec-global-participa-en-el-derribo-de-la-fabrica-de-campofrio-incendiada-en-burgos\/#primaryimage"},"thumbnailUrl":"https:\/\/adecglobal.com\/wp-content\/uploads\/2015\/07\/campofrio.jpg","datePublished":"2015-07-27T06:43:59+00:00","breadcrumb":{"@id":"https:\/\/adecglobal.com\/es\/adec-global-participa-en-el-derribo-de-la-fabrica-de-campofrio-incendiada-en-burgos\/#breadcrumb"},"inLanguage":"es","potentialAction":[{"@type":"ReadAction","target":["https:\/\/adecglobal.com\/es\/adec-global-participa-en-el-derribo-de-la-fabrica-de-campofrio-incendiada-en-burgos\/"]}]},{"@type":"ImageObject","inLanguage":"es","@id":"https:\/\/adecglobal.com\/es\/adec-global-participa-en-el-derribo-de-la-fabrica-de-campofrio-incendiada-en-burgos\/#primaryimage","url":"https:\/\/adecglobal.com\/wp-content\/uploads\/2015\/07\/campofrio.jpg","contentUrl":"https:\/\/adecglobal.com\/wp-content\/uploads\/2015\/07\/campofrio.jpg","width":614,"height":347},{"@type":"BreadcrumbList","@id":"https:\/\/adecglobal.com\/es\/adec-global-participa-en-el-derribo-de-la-fabrica-de-campofrio-incendiada-en-burgos\/#breadcrumb","itemListElement":[{"@type":"ListItem","position":1,"name":"Home","item":"https:\/\/adecglobal.com\/es\/hombre\/"},{"@type":"ListItem","position":2,"name":"Adec Global participa en el derribo de la f\u00e1brica de Campofr\u00edo incendiada en Burgos"}]},{"@type":"WebSite","@id":"https:\/\/adecglobal.com\/es\/#website","url":"https:\/\/adecglobal.com\/es\/","name":"Adec Global","description":"Convertim residus industrials en \u00e0rids sider\u00fargics","publisher":{"@id":"https:\/\/adecglobal.com\/es\/#organization"},"potentialAction":[{"@type":"SearchAction","target":{"@type":"EntryPoint","urlTemplate":"https:\/\/adecglobal.com\/es\/?s={search_term_string}"},"query-input":{"@type":"PropertyValueSpecification","valueRequired":true,"valueName":"search_term_string"}}],"inLanguage":"es"},{"@type":"Organization","@id":"https:\/\/adecglobal.com\/es\/#organization","name":"Adec Global","url":"https:\/\/adecglobal.com\/es\/","logo":{"@type":"ImageObject","inLanguage":"es","@id":"https:\/\/adecglobal.com\/es\/#\/schema\/logo\/image\/","url":"https:\/\/adecglobal.com\/wp-content\/uploads\/2021\/04\/adec-global-logo.webp","contentUrl":"https:\/\/adecglobal.com\/wp-content\/uploads\/2021\/04\/adec-global-logo.webp","width":659,"height":141,"caption":"Adec Global"},"image":{"@id":"https:\/\/adecglobal.com\/es\/#\/schema\/logo\/image\/"}},{"@type":"Person","@id":"https:\/\/adecglobal.com\/es\/#\/schema\/person\/f1ecf1183bafeed5e189508b51709e7d","name":"admin","image":{"@type":"ImageObject","inLanguage":"es","@id":"https:\/\/secure.gravatar.com\/avatar\/2c13691c959731c7a5bf693a554cbed3d1402fa36a35babe08d09907ecebc6c3?s=96&d=mm&r=g","url":"https:\/\/secure.gravatar.com\/avatar\/2c13691c959731c7a5bf693a554cbed3d1402fa36a35babe08d09907ecebc6c3?s=96&d=mm&r=g","contentUrl":"https:\/\/secure.gravatar.com\/avatar\/2c13691c959731c7a5bf693a554cbed3d1402fa36a35babe08d09907ecebc6c3?s=96&d=mm&r=g","caption":"admin"},"sameAs":["https:\/\/adecglobal.com"]}]}},"_links":{"self":[{"href":"https:\/\/adecglobal.com\/es\/wp-json\/wp\/v2\/posts\/4824","targetHints":{"allow":["GET"]}}],"collection":[{"href":"https:\/\/adecglobal.com\/es\/wp-json\/wp\/v2\/posts"}],"about":[{"href":"https:\/\/adecglobal.com\/es\/wp-json\/wp\/v2\/types\/post"}],"author":[{"embeddable":true,"href":"https:\/\/adecglobal.com\/es\/wp-json\/wp\/v2\/users\/1"}],"replies":[{"embeddable":true,"href":"https:\/\/adecglobal.com\/es\/wp-json\/wp\/v2\/comments?post=4824"}],"version-history":[{"count":0,"href":"https:\/\/adecglobal.com\/es\/wp-json\/wp\/v2\/posts\/4824\/revisions"}],"wp:featuredmedia":[{"embeddable":true,"href":"https:\/\/adecglobal.com\/es\/wp-json\/wp\/v2\/media\/1739"}],"wp:attachment":[{"href":"https:\/\/adecglobal.com\/es\/wp-json\/wp\/v2\/media?parent=4824"}],"wp:term":[{"taxonomy":"category","embeddable":true,"href":"https:\/\/adecglobal.com\/es\/wp-json\/wp\/v2\/categories?post=4824"},{"taxonomy":"post_tag","embeddable":true,"href":"https:\/\/adecglobal.com\/es\/wp-json\/wp\/v2\/tags?post=4824"}],"curies":[{"name":"wp","href":"https:\/\/api.w.org\/{rel}","templated":true}]}}