{"id":4827,"date":"2016-07-22T09:15:46","date_gmt":"2016-07-22T07:15:46","guid":{"rendered":"https:\/\/adecglobal.com\/la-vanguardia-entrevista-al-responsable-de-adec-global\/"},"modified":"2016-07-22T09:15:46","modified_gmt":"2016-07-22T07:15:46","slug":"la-vanguardia-entrevista-al-responsable-de-adec-global","status":"publish","type":"post","link":"https:\/\/adecglobal.com\/es\/la-vanguardia-entrevista-al-responsable-de-adec-global\/","title":{"rendered":"La Vanguardia entrevista al responsable de Adec Global"},"content":{"rendered":"<h3><span style=\"text-align: justify;\">F\u00e9lix Pedroso, responsable de Adec Global: \u00abEl \u00e1rido sider\u00fargico es una alternativa de enorme calidad en comparaci\u00f3n con el \u00e1rido natural\u00bb<\/span><\/h3>\n<div class=\"page\" title=\"Page 1\">\n<div class=\"section\">\n<div class=\"layoutArea\">\n<div class=\"column\">\n<p style=\"text-align: justify;\"><strong>La Vanguardia<\/strong> ha publicado en la secci\u00f3n <strong>Excelencia empresarial,<\/strong> la entrevista con el responsable de <strong>Adec Global, F\u00e9lix Pedroso<\/strong> . En \u00e9sta se habla del <strong>\u00e1rido sider\u00fargico<\/strong> como la nueva alternativa al \u00e1rido natural; una soluci\u00f3n mucho m\u00e1s <strong>sostenible<\/strong> y <strong>econ\u00f3mica<\/strong> . Adem\u00e1s, se tratan varios puntos de la identidad de la empresa: los or\u00edgenes y su actividad, relacionada de forma directa con la obra civil y m\u00e1s concretamente con el asfalto.  <\/p>\n<p style=\"text-align: justify;\">La entrevista se\u00f1ala tambi\u00e9n la reciente acreditaci\u00f3n de Adec Global como PYME INNOVADORA otorgada por el <strong>Ministerio de Econom\u00eda y Competitividad<\/strong> . Para Adec Global, la adhesi\u00f3n al <strong>Registro de Pymes Innovadoras<\/strong> \u00abrepresenta un reconocimiento al trabajo de <strong>I+D+i<\/strong> que hemos realizado desde el primer d\u00eda y que pretende situar al \u00e1rido sider\u00fargico como una alternativa de enorme calidad al \u00e1rido natural, como muestra que cada vez sean m\u00e1s los proyectos en los que se est\u00e1 empleando. Un ejemplo de ello es que <strong>Abertis<\/strong> est\u00e9 utilizando los <strong>\u00e1ridos sider\u00fargicos<\/strong> en algunas obras de sus <strong>autopistas<\/strong> que son sin duda los asfaltos que requieren una mayor exigencia en fiabilidad y seguridad.  <\/p>\n<p style=\"text-align: justify;\">La Vanguardia tambi\u00e9n profundiza en el papel que est\u00e1 protagonizando la <strong>sostenibilidad<\/strong> en los cimientos de Adec Global; un aspecto esencial e inseparable de la identidad de la empresa. \u00abLos <strong>\u00e1ridos sider\u00fargicos<\/strong> poseen el <strong>marcado CE<\/strong> , son m\u00e1s <strong>econ\u00f3micos<\/strong> que los tradicionales y tambi\u00e9n m\u00e1s <strong>sostenibles<\/strong> , puesto que no erosionan el entorno en su extracci\u00f3n.\u00bb <strong>F\u00e9lix Pedroso<\/strong> afirma que el \u00e1rido sider\u00fargico reciclado es una alternativa innovadora muy competitiva y que est\u00e1 en constante investigaci\u00f3n y desarrollo. <\/p>\n<\/div>\n<p><span style=\"color: #000000;\"><a style=\"color: #000000;\" href=\"http:\/\/www.lavanguardia.com\/monograficos\/excelencia-empresarial\/el-arido-siderurgico-es-una-alternativa-de-enorme-calidad-al?esi=true\" target=\"_blank\" rel=\"noopener\"><strong>&gt;  Entrevista en F\u00e9lix Pedroso<\/strong><\/a><\/span><\/p>\n<div class=\"column\">\n<p>&nbsp;<\/p>\n<\/div>\n<\/div>\n<div class=\"column\"><a href=\"https:\/\/adecglobal.com\/wp-content\/uploads\/2016\/07\/obra-civil-vanguardia-02.jpg\"><img decoding=\"async\" class=\"alignnone wp-image-1088 size-medium\" src=\"https:\/\/adecglobal.com\/wp-content\/uploads\/2016\/07\/obra-civil-vanguardia-02-300x150.jpg\" alt=\"\" width=\"300\" height=\"150\" srcset=\"https:\/\/adecglobal.com\/wp-content\/uploads\/2016\/07\/obra-civil-vanguardia-02-300x150.jpg 300w, https:\/\/adecglobal.com\/wp-content\/uploads\/2016\/07\/obra-civil-vanguardia-02-1024x512.jpg 1024w, https:\/\/adecglobal.com\/wp-content\/uploads\/2016\/07\/obra-civil-vanguardia-02-768x384.jpg 768w, https:\/\/adecglobal.com\/wp-content\/uploads\/2016\/07\/obra-civil-vanguardia-02.jpg 1200w\" sizes=\"(max-width: 300px) 100vw, 300px\" \/><\/a> <a href=\"https:\/\/adecglobal.com\/wp-content\/uploads\/2016\/07\/obra-civil-vanguardia-03.jpg\"><img decoding=\"async\" class=\"alignnone wp-image-1089 size-medium\" src=\"https:\/\/adecglobal.com\/wp-content\/uploads\/2016\/07\/obra-civil-vanguardia-03-300x150.jpg\" alt=\"\" width=\"300\" height=\"150\" srcset=\"https:\/\/adecglobal.com\/wp-content\/uploads\/2016\/07\/obra-civil-vanguardia-03-300x150.jpg 300w, https:\/\/adecglobal.com\/wp-content\/uploads\/2016\/07\/obra-civil-vanguardia-03-1024x512.jpg 1024w, https:\/\/adecglobal.com\/wp-content\/uploads\/2016\/07\/obra-civil-vanguardia-03-768x384.jpg 768w, https:\/\/adecglobal.com\/wp-content\/uploads\/2016\/07\/obra-civil-vanguardia-03.jpg 1200w\" sizes=\"(max-width: 300px) 100vw, 300px\" \/><\/a> <a href=\"https:\/\/adecglobal.com\/wp-content\/uploads\/2016\/07\/obra-civil-vanguardia-04.jpg\"><img decoding=\"async\" class=\"alignnone wp-image-1090 size-medium\" src=\"https:\/\/adecglobal.com\/wp-content\/uploads\/2016\/07\/obra-civil-vanguardia-04-300x150.jpg\" alt=\"\" width=\"300\" height=\"150\" srcset=\"https:\/\/adecglobal.com\/wp-content\/uploads\/2016\/07\/obra-civil-vanguardia-04-300x150.jpg 300w, https:\/\/adecglobal.com\/wp-content\/uploads\/2016\/07\/obra-civil-vanguardia-04-1024x512.jpg 1024w, https:\/\/adecglobal.com\/wp-content\/uploads\/2016\/07\/obra-civil-vanguardia-04-768x384.jpg 768w, https:\/\/adecglobal.com\/wp-content\/uploads\/2016\/07\/obra-civil-vanguardia-04.jpg 1200w\" sizes=\"(max-width: 300px) 100vw, 300px\" \/><\/a><\/div>\n<\/div>\n<\/div>\n<div><\/div>\n","protected":false},"excerpt":{"rendered":"<p>F\u00e9lix Pedroso, responsable de Adec Global: \u00abEl \u00e1rido sider\u00fargico es una alternativa de enorme calidad en comparaci\u00f3n con el \u00e1rido natural\u00bb La Vanguardia ha publicado en la secci\u00f3n Excelencia empresarial, la entrevista con el responsable de Adec Global, F\u00e9lix Pedroso . En \u00e9sta se habla del \u00e1rido sider\u00fargico como la nueva alternativa al \u00e1rido natural; [&hellip;]<\/p>\n","protected":false},"author":1,"featured_media":1717,"comment_status":"open","ping_status":"closed","sticky":false,"template":"","format":"standard","meta":{"footnotes":""},"categories":[50],"tags":[],"class_list":["post-4827","post","type-post","status-publish","format-standard","has-post-thumbnail","hentry","category-obra-civil-es"],"yoast_head":"<!-- This site is optimized with the Yoast SEO Premium plugin v27.3 (Yoast SEO v27.3) - https:\/\/yoast.com\/product\/yoast-seo-premium-wordpress\/ -->\n<title>La Vanguardia entrevista al responsable de Adec Global - Adec Global<\/title>\n<meta name=\"robots\" content=\"index, follow, max-snippet:-1, max-image-preview:large, max-video-preview:-1\" \/>\n<link rel=\"canonical\" href=\"https:\/\/adecglobal.com\/es\/la-vanguardia-entrevista-al-responsable-de-adec-global\/\" \/>\n<meta property=\"og:locale\" content=\"es_ES\" \/>\n<meta property=\"og:type\" content=\"article\" \/>\n<meta property=\"og:title\" content=\"La Vanguardia entrevista al responsable de Adec Global\" \/>\n<meta property=\"og:description\" content=\"F\u00e9lix Pedroso, responsable de Adec Global: \u00abEl \u00e1rido sider\u00fargico es una alternativa de enorme calidad en comparaci\u00f3n con el \u00e1rido natural\u00bb La Vanguardia ha publicado en la secci\u00f3n Excelencia empresarial, la entrevista con el responsable de Adec Global, F\u00e9lix Pedroso . En \u00e9sta se habla del \u00e1rido sider\u00fargico como la nueva alternativa al \u00e1rido natural; [&hellip;]\" \/>\n<meta property=\"og:url\" content=\"https:\/\/adecglobal.com\/es\/la-vanguardia-entrevista-al-responsable-de-adec-global\/\" \/>\n<meta property=\"og:site_name\" content=\"Adec Global\" \/>\n<meta property=\"article:published_time\" content=\"2016-07-22T07:15:46+00:00\" \/>\n<meta property=\"og:image\" content=\"https:\/\/adecglobal.com\/wp-content\/uploads\/2016\/07\/obra-civil-vanguardia-01.jpg\" \/>\n\t<meta property=\"og:image:width\" content=\"828\" \/>\n\t<meta property=\"og:image:height\" content=\"450\" \/>\n\t<meta property=\"og:image:type\" content=\"image\/jpeg\" \/>\n<meta name=\"author\" content=\"admin\" \/>\n<meta name=\"twitter:card\" content=\"summary_large_image\" \/>\n<meta name=\"twitter:label1\" content=\"Escrito por\" \/>\n\t<meta name=\"twitter:data1\" content=\"admin\" \/>\n\t<meta name=\"twitter:label2\" content=\"Tiempo de lectura\" \/>\n\t<meta name=\"twitter:data2\" content=\"2 minutos\" \/>\n<script type=\"application\/ld+json\" class=\"yoast-schema-graph\">{\"@context\":\"https:\\\/\\\/schema.org\",\"@graph\":[{\"@type\":\"Article\",\"@id\":\"https:\\\/\\\/adecglobal.com\\\/es\\\/la-vanguardia-entrevista-al-responsable-de-adec-global\\\/#article\",\"isPartOf\":{\"@id\":\"https:\\\/\\\/adecglobal.com\\\/es\\\/la-vanguardia-entrevista-al-responsable-de-adec-global\\\/\"},\"author\":{\"name\":\"admin\",\"@id\":\"https:\\\/\\\/adecglobal.com\\\/es\\\/#\\\/schema\\\/person\\\/f1ecf1183bafeed5e189508b51709e7d\"},\"headline\":\"La Vanguardia entrevista al responsable de Adec Global\",\"datePublished\":\"2016-07-22T07:15:46+00:00\",\"mainEntityOfPage\":{\"@id\":\"https:\\\/\\\/adecglobal.com\\\/es\\\/la-vanguardia-entrevista-al-responsable-de-adec-global\\\/\"},\"wordCount\":325,\"commentCount\":0,\"publisher\":{\"@id\":\"https:\\\/\\\/adecglobal.com\\\/es\\\/#organization\"},\"image\":{\"@id\":\"https:\\\/\\\/adecglobal.com\\\/es\\\/la-vanguardia-entrevista-al-responsable-de-adec-global\\\/#primaryimage\"},\"thumbnailUrl\":\"https:\\\/\\\/adecglobal.com\\\/wp-content\\\/uploads\\\/2016\\\/07\\\/obra-civil-vanguardia-01.jpg\",\"articleSection\":[\"Obra Civil\"],\"inLanguage\":\"es\",\"potentialAction\":[{\"@type\":\"CommentAction\",\"name\":\"Comment\",\"target\":[\"https:\\\/\\\/adecglobal.com\\\/es\\\/la-vanguardia-entrevista-al-responsable-de-adec-global\\\/#respond\"]}]},{\"@type\":\"WebPage\",\"@id\":\"https:\\\/\\\/adecglobal.com\\\/es\\\/la-vanguardia-entrevista-al-responsable-de-adec-global\\\/\",\"url\":\"https:\\\/\\\/adecglobal.com\\\/es\\\/la-vanguardia-entrevista-al-responsable-de-adec-global\\\/\",\"name\":\"La Vanguardia entrevista al responsable de Adec Global - Adec Global\",\"isPartOf\":{\"@id\":\"https:\\\/\\\/adecglobal.com\\\/es\\\/#website\"},\"primaryImageOfPage\":{\"@id\":\"https:\\\/\\\/adecglobal.com\\\/es\\\/la-vanguardia-entrevista-al-responsable-de-adec-global\\\/#primaryimage\"},\"image\":{\"@id\":\"https:\\\/\\\/adecglobal.com\\\/es\\\/la-vanguardia-entrevista-al-responsable-de-adec-global\\\/#primaryimage\"},\"thumbnailUrl\":\"https:\\\/\\\/adecglobal.com\\\/wp-content\\\/uploads\\\/2016\\\/07\\\/obra-civil-vanguardia-01.jpg\",\"datePublished\":\"2016-07-22T07:15:46+00:00\",\"breadcrumb\":{\"@id\":\"https:\\\/\\\/adecglobal.com\\\/es\\\/la-vanguardia-entrevista-al-responsable-de-adec-global\\\/#breadcrumb\"},\"inLanguage\":\"es\",\"potentialAction\":[{\"@type\":\"ReadAction\",\"target\":[\"https:\\\/\\\/adecglobal.com\\\/es\\\/la-vanguardia-entrevista-al-responsable-de-adec-global\\\/\"]}]},{\"@type\":\"ImageObject\",\"inLanguage\":\"es\",\"@id\":\"https:\\\/\\\/adecglobal.com\\\/es\\\/la-vanguardia-entrevista-al-responsable-de-adec-global\\\/#primaryimage\",\"url\":\"https:\\\/\\\/adecglobal.com\\\/wp-content\\\/uploads\\\/2016\\\/07\\\/obra-civil-vanguardia-01.jpg\",\"contentUrl\":\"https:\\\/\\\/adecglobal.com\\\/wp-content\\\/uploads\\\/2016\\\/07\\\/obra-civil-vanguardia-01.jpg\",\"width\":828,\"height\":450},{\"@type\":\"BreadcrumbList\",\"@id\":\"https:\\\/\\\/adecglobal.com\\\/es\\\/la-vanguardia-entrevista-al-responsable-de-adec-global\\\/#breadcrumb\",\"itemListElement\":[{\"@type\":\"ListItem\",\"position\":1,\"name\":\"Home\",\"item\":\"https:\\\/\\\/adecglobal.com\\\/es\\\/hombre\\\/\"},{\"@type\":\"ListItem\",\"position\":2,\"name\":\"La Vanguardia entrevista al responsable de Adec Global\"}]},{\"@type\":\"WebSite\",\"@id\":\"https:\\\/\\\/adecglobal.com\\\/es\\\/#website\",\"url\":\"https:\\\/\\\/adecglobal.com\\\/es\\\/\",\"name\":\"Adec Global\",\"description\":\"Convertim residus industrials en \u00e0rids sider\u00fargics\",\"publisher\":{\"@id\":\"https:\\\/\\\/adecglobal.com\\\/es\\\/#organization\"},\"potentialAction\":[{\"@type\":\"SearchAction\",\"target\":{\"@type\":\"EntryPoint\",\"urlTemplate\":\"https:\\\/\\\/adecglobal.com\\\/es\\\/?s={search_term_string}\"},\"query-input\":{\"@type\":\"PropertyValueSpecification\",\"valueRequired\":true,\"valueName\":\"search_term_string\"}}],\"inLanguage\":\"es\"},{\"@type\":\"Organization\",\"@id\":\"https:\\\/\\\/adecglobal.com\\\/es\\\/#organization\",\"name\":\"Adec Global\",\"url\":\"https:\\\/\\\/adecglobal.com\\\/es\\\/\",\"logo\":{\"@type\":\"ImageObject\",\"inLanguage\":\"es\",\"@id\":\"https:\\\/\\\/adecglobal.com\\\/es\\\/#\\\/schema\\\/logo\\\/image\\\/\",\"url\":\"https:\\\/\\\/adecglobal.com\\\/wp-content\\\/uploads\\\/2021\\\/04\\\/adec-global-logo.webp\",\"contentUrl\":\"https:\\\/\\\/adecglobal.com\\\/wp-content\\\/uploads\\\/2021\\\/04\\\/adec-global-logo.webp\",\"width\":659,\"height\":141,\"caption\":\"Adec Global\"},\"image\":{\"@id\":\"https:\\\/\\\/adecglobal.com\\\/es\\\/#\\\/schema\\\/logo\\\/image\\\/\"}},{\"@type\":\"Person\",\"@id\":\"https:\\\/\\\/adecglobal.com\\\/es\\\/#\\\/schema\\\/person\\\/f1ecf1183bafeed5e189508b51709e7d\",\"name\":\"admin\",\"image\":{\"@type\":\"ImageObject\",\"inLanguage\":\"es\",\"@id\":\"https:\\\/\\\/secure.gravatar.com\\\/avatar\\\/2c13691c959731c7a5bf693a554cbed3d1402fa36a35babe08d09907ecebc6c3?s=96&d=mm&r=g\",\"url\":\"https:\\\/\\\/secure.gravatar.com\\\/avatar\\\/2c13691c959731c7a5bf693a554cbed3d1402fa36a35babe08d09907ecebc6c3?s=96&d=mm&r=g\",\"contentUrl\":\"https:\\\/\\\/secure.gravatar.com\\\/avatar\\\/2c13691c959731c7a5bf693a554cbed3d1402fa36a35babe08d09907ecebc6c3?s=96&d=mm&r=g\",\"caption\":\"admin\"},\"sameAs\":[\"https:\\\/\\\/adecglobal.com\"]}]}<\/script>\n<!-- \/ Yoast SEO Premium plugin. -->","yoast_head_json":{"title":"La Vanguardia entrevista al responsable de Adec Global - Adec Global","robots":{"index":"index","follow":"follow","max-snippet":"max-snippet:-1","max-image-preview":"max-image-preview:large","max-video-preview":"max-video-preview:-1"},"canonical":"https:\/\/adecglobal.com\/es\/la-vanguardia-entrevista-al-responsable-de-adec-global\/","og_locale":"es_ES","og_type":"article","og_title":"La Vanguardia entrevista al responsable de Adec Global","og_description":"F\u00e9lix Pedroso, responsable de Adec Global: \u00abEl \u00e1rido sider\u00fargico es una alternativa de enorme calidad en comparaci\u00f3n con el \u00e1rido natural\u00bb La Vanguardia ha publicado en la secci\u00f3n Excelencia empresarial, la entrevista con el responsable de Adec Global, F\u00e9lix Pedroso . En \u00e9sta se habla del \u00e1rido sider\u00fargico como la nueva alternativa al \u00e1rido natural; [&hellip;]","og_url":"https:\/\/adecglobal.com\/es\/la-vanguardia-entrevista-al-responsable-de-adec-global\/","og_site_name":"Adec Global","article_published_time":"2016-07-22T07:15:46+00:00","og_image":[{"width":828,"height":450,"url":"https:\/\/adecglobal.com\/wp-content\/uploads\/2016\/07\/obra-civil-vanguardia-01.jpg","type":"image\/jpeg"}],"author":"admin","twitter_card":"summary_large_image","twitter_misc":{"Escrito por":"admin","Tiempo de lectura":"2 minutos"},"schema":{"@context":"https:\/\/schema.org","@graph":[{"@type":"Article","@id":"https:\/\/adecglobal.com\/es\/la-vanguardia-entrevista-al-responsable-de-adec-global\/#article","isPartOf":{"@id":"https:\/\/adecglobal.com\/es\/la-vanguardia-entrevista-al-responsable-de-adec-global\/"},"author":{"name":"admin","@id":"https:\/\/adecglobal.com\/es\/#\/schema\/person\/f1ecf1183bafeed5e189508b51709e7d"},"headline":"La Vanguardia entrevista al responsable de Adec Global","datePublished":"2016-07-22T07:15:46+00:00","mainEntityOfPage":{"@id":"https:\/\/adecglobal.com\/es\/la-vanguardia-entrevista-al-responsable-de-adec-global\/"},"wordCount":325,"commentCount":0,"publisher":{"@id":"https:\/\/adecglobal.com\/es\/#organization"},"image":{"@id":"https:\/\/adecglobal.com\/es\/la-vanguardia-entrevista-al-responsable-de-adec-global\/#primaryimage"},"thumbnailUrl":"https:\/\/adecglobal.com\/wp-content\/uploads\/2016\/07\/obra-civil-vanguardia-01.jpg","articleSection":["Obra Civil"],"inLanguage":"es","potentialAction":[{"@type":"CommentAction","name":"Comment","target":["https:\/\/adecglobal.com\/es\/la-vanguardia-entrevista-al-responsable-de-adec-global\/#respond"]}]},{"@type":"WebPage","@id":"https:\/\/adecglobal.com\/es\/la-vanguardia-entrevista-al-responsable-de-adec-global\/","url":"https:\/\/adecglobal.com\/es\/la-vanguardia-entrevista-al-responsable-de-adec-global\/","name":"La Vanguardia entrevista al responsable de Adec Global - Adec Global","isPartOf":{"@id":"https:\/\/adecglobal.com\/es\/#website"},"primaryImageOfPage":{"@id":"https:\/\/adecglobal.com\/es\/la-vanguardia-entrevista-al-responsable-de-adec-global\/#primaryimage"},"image":{"@id":"https:\/\/adecglobal.com\/es\/la-vanguardia-entrevista-al-responsable-de-adec-global\/#primaryimage"},"thumbnailUrl":"https:\/\/adecglobal.com\/wp-content\/uploads\/2016\/07\/obra-civil-vanguardia-01.jpg","datePublished":"2016-07-22T07:15:46+00:00","breadcrumb":{"@id":"https:\/\/adecglobal.com\/es\/la-vanguardia-entrevista-al-responsable-de-adec-global\/#breadcrumb"},"inLanguage":"es","potentialAction":[{"@type":"ReadAction","target":["https:\/\/adecglobal.com\/es\/la-vanguardia-entrevista-al-responsable-de-adec-global\/"]}]},{"@type":"ImageObject","inLanguage":"es","@id":"https:\/\/adecglobal.com\/es\/la-vanguardia-entrevista-al-responsable-de-adec-global\/#primaryimage","url":"https:\/\/adecglobal.com\/wp-content\/uploads\/2016\/07\/obra-civil-vanguardia-01.jpg","contentUrl":"https:\/\/adecglobal.com\/wp-content\/uploads\/2016\/07\/obra-civil-vanguardia-01.jpg","width":828,"height":450},{"@type":"BreadcrumbList","@id":"https:\/\/adecglobal.com\/es\/la-vanguardia-entrevista-al-responsable-de-adec-global\/#breadcrumb","itemListElement":[{"@type":"ListItem","position":1,"name":"Home","item":"https:\/\/adecglobal.com\/es\/hombre\/"},{"@type":"ListItem","position":2,"name":"La Vanguardia entrevista al responsable de Adec Global"}]},{"@type":"WebSite","@id":"https:\/\/adecglobal.com\/es\/#website","url":"https:\/\/adecglobal.com\/es\/","name":"Adec Global","description":"Convertim residus industrials en \u00e0rids sider\u00fargics","publisher":{"@id":"https:\/\/adecglobal.com\/es\/#organization"},"potentialAction":[{"@type":"SearchAction","target":{"@type":"EntryPoint","urlTemplate":"https:\/\/adecglobal.com\/es\/?s={search_term_string}"},"query-input":{"@type":"PropertyValueSpecification","valueRequired":true,"valueName":"search_term_string"}}],"inLanguage":"es"},{"@type":"Organization","@id":"https:\/\/adecglobal.com\/es\/#organization","name":"Adec Global","url":"https:\/\/adecglobal.com\/es\/","logo":{"@type":"ImageObject","inLanguage":"es","@id":"https:\/\/adecglobal.com\/es\/#\/schema\/logo\/image\/","url":"https:\/\/adecglobal.com\/wp-content\/uploads\/2021\/04\/adec-global-logo.webp","contentUrl":"https:\/\/adecglobal.com\/wp-content\/uploads\/2021\/04\/adec-global-logo.webp","width":659,"height":141,"caption":"Adec Global"},"image":{"@id":"https:\/\/adecglobal.com\/es\/#\/schema\/logo\/image\/"}},{"@type":"Person","@id":"https:\/\/adecglobal.com\/es\/#\/schema\/person\/f1ecf1183bafeed5e189508b51709e7d","name":"admin","image":{"@type":"ImageObject","inLanguage":"es","@id":"https:\/\/secure.gravatar.com\/avatar\/2c13691c959731c7a5bf693a554cbed3d1402fa36a35babe08d09907ecebc6c3?s=96&d=mm&r=g","url":"https:\/\/secure.gravatar.com\/avatar\/2c13691c959731c7a5bf693a554cbed3d1402fa36a35babe08d09907ecebc6c3?s=96&d=mm&r=g","contentUrl":"https:\/\/secure.gravatar.com\/avatar\/2c13691c959731c7a5bf693a554cbed3d1402fa36a35babe08d09907ecebc6c3?s=96&d=mm&r=g","caption":"admin"},"sameAs":["https:\/\/adecglobal.com"]}]}},"_links":{"self":[{"href":"https:\/\/adecglobal.com\/es\/wp-json\/wp\/v2\/posts\/4827","targetHints":{"allow":["GET"]}}],"collection":[{"href":"https:\/\/adecglobal.com\/es\/wp-json\/wp\/v2\/posts"}],"about":[{"href":"https:\/\/adecglobal.com\/es\/wp-json\/wp\/v2\/types\/post"}],"author":[{"embeddable":true,"href":"https:\/\/adecglobal.com\/es\/wp-json\/wp\/v2\/users\/1"}],"replies":[{"embeddable":true,"href":"https:\/\/adecglobal.com\/es\/wp-json\/wp\/v2\/comments?post=4827"}],"version-history":[{"count":0,"href":"https:\/\/adecglobal.com\/es\/wp-json\/wp\/v2\/posts\/4827\/revisions"}],"wp:featuredmedia":[{"embeddable":true,"href":"https:\/\/adecglobal.com\/es\/wp-json\/wp\/v2\/media\/1717"}],"wp:attachment":[{"href":"https:\/\/adecglobal.com\/es\/wp-json\/wp\/v2\/media?parent=4827"}],"wp:term":[{"taxonomy":"category","embeddable":true,"href":"https:\/\/adecglobal.com\/es\/wp-json\/wp\/v2\/categories?post=4827"},{"taxonomy":"post_tag","embeddable":true,"href":"https:\/\/adecglobal.com\/es\/wp-json\/wp\/v2\/tags?post=4827"}],"curies":[{"name":"wp","href":"https:\/\/api.w.org\/{rel}","templated":true}]}}