{"id":4828,"date":"2015-06-01T12:20:13","date_gmt":"2015-06-01T10:20:13","guid":{"rendered":"https:\/\/adecglobal.com\/adec-global-ha-estado-presente-en-el-construmat-2015\/"},"modified":"2015-06-01T12:20:13","modified_gmt":"2015-06-01T10:20:13","slug":"adec-global-ha-estado-presente-en-el-construmat-2015","status":"publish","type":"post","link":"https:\/\/adecglobal.com\/es\/adec-global-ha-estado-presente-en-el-construmat-2015\/","title":{"rendered":"Adec Global ha estado presente en el Construmat 2015"},"content":{"rendered":"<p style=\"text-align: justify;\"><strong>Beyond Building Barcelona-Construmat 2015<\/strong> , el Sal\u00f3n internacional de la Construcci\u00f3n, se celebr\u00f3 del 19 al 23 de mayo de 2015 en el recinto de Gran V\u00eda de Fira de Barcelona con el objetivo de ofrecer ideas innovadoras y conseguir que el mundo de la construcci\u00f3n da un paso adelante hacia la recuperaci\u00f3n. Para ello dividieron el evento en cinco pilares b\u00e1sicos: <em>innovaci\u00f3n, sostenibilidad, rehabilitaci\u00f3n, dise\u00f1o y market place<\/em> . <\/p>\n<p style=\"text-align: justify;\">En este evento participaron 588 marcas con m\u00e1s de 250 expositores. Adec Global estuvimos presentes en el expositor de Sorigu\u00e9, que utiliza nuestros \u00e1ridos sider\u00fargicos en su producto Rugofir, uno de los m\u00e1s innovadores en pavimentos asf\u00e1lticos que ofrece una reducci\u00f3n de material, aumentando su rendimiento y preservando el medio ambiente. Adem\u00e1s, tambi\u00e9n utiliza nuestros \u00e1ridos para realizar pavimentos decorativos continuos y flexibles de aglomerado asf\u00e1ltico pulido.  <\/p>\n<p style=\"text-align: justify;\">\n","protected":false},"excerpt":{"rendered":"<p>Beyond Building Barcelona-Construmat 2015 , el Sal\u00f3n internacional de la Construcci\u00f3n, se celebr\u00f3 del 19 al 23 de mayo de 2015 en el recinto de Gran V\u00eda de Fira de Barcelona con el objetivo de ofrecer ideas innovadoras y conseguir que el mundo de la construcci\u00f3n da un paso adelante hacia la recuperaci\u00f3n. Para ello [&hellip;]<\/p>\n","protected":false},"author":1,"featured_media":1749,"comment_status":"open","ping_status":"closed","sticky":false,"template":"","format":"standard","meta":{"footnotes":""},"categories":[50],"tags":[],"class_list":["post-4828","post","type-post","status-publish","format-standard","has-post-thumbnail","hentry","category-obra-civil-es"],"yoast_head":"<!-- This site is optimized with the Yoast SEO Premium plugin v27.3 (Yoast SEO v27.3) - https:\/\/yoast.com\/product\/yoast-seo-premium-wordpress\/ -->\n<title>Adec Global ha estado presente en el Construmat 2015 - Adec Global<\/title>\n<meta name=\"robots\" content=\"index, follow, max-snippet:-1, max-image-preview:large, max-video-preview:-1\" \/>\n<link rel=\"canonical\" href=\"https:\/\/adecglobal.com\/es\/adec-global-ha-estado-presente-en-el-construmat-2015\/\" \/>\n<meta property=\"og:locale\" content=\"es_ES\" \/>\n<meta property=\"og:type\" content=\"article\" \/>\n<meta property=\"og:title\" content=\"Adec Global ha estado presente en el Construmat 2015\" \/>\n<meta property=\"og:description\" content=\"Beyond Building Barcelona-Construmat 2015 , el Sal\u00f3n internacional de la Construcci\u00f3n, se celebr\u00f3 del 19 al 23 de mayo de 2015 en el recinto de Gran V\u00eda de Fira de Barcelona con el objetivo de ofrecer ideas innovadoras y conseguir que el mundo de la construcci\u00f3n da un paso adelante hacia la recuperaci\u00f3n. Para ello [&hellip;]\" \/>\n<meta property=\"og:url\" content=\"https:\/\/adecglobal.com\/es\/adec-global-ha-estado-presente-en-el-construmat-2015\/\" \/>\n<meta property=\"og:site_name\" content=\"Adec Global\" \/>\n<meta property=\"article:published_time\" content=\"2015-06-01T10:20:13+00:00\" \/>\n<meta property=\"og:image\" content=\"https:\/\/adecglobal.com\/wp-content\/uploads\/2015\/06\/IMG_7088-1-850x450-1.jpg\" \/>\n\t<meta property=\"og:image:width\" content=\"850\" \/>\n\t<meta property=\"og:image:height\" content=\"450\" \/>\n\t<meta property=\"og:image:type\" content=\"image\/jpeg\" \/>\n<meta name=\"author\" content=\"admin\" \/>\n<meta name=\"twitter:card\" content=\"summary_large_image\" \/>\n<meta name=\"twitter:label1\" content=\"Escrito por\" \/>\n\t<meta name=\"twitter:data1\" content=\"admin\" \/>\n\t<meta name=\"twitter:label2\" content=\"Tiempo de lectura\" \/>\n\t<meta name=\"twitter:data2\" content=\"1 minuto\" \/>\n<script type=\"application\/ld+json\" class=\"yoast-schema-graph\">{\"@context\":\"https:\\\/\\\/schema.org\",\"@graph\":[{\"@type\":\"Article\",\"@id\":\"https:\\\/\\\/adecglobal.com\\\/es\\\/adec-global-ha-estado-presente-en-el-construmat-2015\\\/#article\",\"isPartOf\":{\"@id\":\"https:\\\/\\\/adecglobal.com\\\/es\\\/adec-global-ha-estado-presente-en-el-construmat-2015\\\/\"},\"author\":{\"name\":\"admin\",\"@id\":\"https:\\\/\\\/adecglobal.com\\\/es\\\/#\\\/schema\\\/person\\\/f1ecf1183bafeed5e189508b51709e7d\"},\"headline\":\"Adec Global ha estado presente en el Construmat 2015\",\"datePublished\":\"2015-06-01T10:20:13+00:00\",\"mainEntityOfPage\":{\"@id\":\"https:\\\/\\\/adecglobal.com\\\/es\\\/adec-global-ha-estado-presente-en-el-construmat-2015\\\/\"},\"wordCount\":154,\"commentCount\":0,\"publisher\":{\"@id\":\"https:\\\/\\\/adecglobal.com\\\/es\\\/#organization\"},\"image\":{\"@id\":\"https:\\\/\\\/adecglobal.com\\\/es\\\/adec-global-ha-estado-presente-en-el-construmat-2015\\\/#primaryimage\"},\"thumbnailUrl\":\"https:\\\/\\\/adecglobal.com\\\/wp-content\\\/uploads\\\/2015\\\/06\\\/IMG_7088-1-850x450-1.jpg\",\"articleSection\":[\"Obra Civil\"],\"inLanguage\":\"es\",\"potentialAction\":[{\"@type\":\"CommentAction\",\"name\":\"Comment\",\"target\":[\"https:\\\/\\\/adecglobal.com\\\/es\\\/adec-global-ha-estado-presente-en-el-construmat-2015\\\/#respond\"]}]},{\"@type\":\"WebPage\",\"@id\":\"https:\\\/\\\/adecglobal.com\\\/es\\\/adec-global-ha-estado-presente-en-el-construmat-2015\\\/\",\"url\":\"https:\\\/\\\/adecglobal.com\\\/es\\\/adec-global-ha-estado-presente-en-el-construmat-2015\\\/\",\"name\":\"Adec Global ha estado presente en el Construmat 2015 - Adec Global\",\"isPartOf\":{\"@id\":\"https:\\\/\\\/adecglobal.com\\\/es\\\/#website\"},\"primaryImageOfPage\":{\"@id\":\"https:\\\/\\\/adecglobal.com\\\/es\\\/adec-global-ha-estado-presente-en-el-construmat-2015\\\/#primaryimage\"},\"image\":{\"@id\":\"https:\\\/\\\/adecglobal.com\\\/es\\\/adec-global-ha-estado-presente-en-el-construmat-2015\\\/#primaryimage\"},\"thumbnailUrl\":\"https:\\\/\\\/adecglobal.com\\\/wp-content\\\/uploads\\\/2015\\\/06\\\/IMG_7088-1-850x450-1.jpg\",\"datePublished\":\"2015-06-01T10:20:13+00:00\",\"breadcrumb\":{\"@id\":\"https:\\\/\\\/adecglobal.com\\\/es\\\/adec-global-ha-estado-presente-en-el-construmat-2015\\\/#breadcrumb\"},\"inLanguage\":\"es\",\"potentialAction\":[{\"@type\":\"ReadAction\",\"target\":[\"https:\\\/\\\/adecglobal.com\\\/es\\\/adec-global-ha-estado-presente-en-el-construmat-2015\\\/\"]}]},{\"@type\":\"ImageObject\",\"inLanguage\":\"es\",\"@id\":\"https:\\\/\\\/adecglobal.com\\\/es\\\/adec-global-ha-estado-presente-en-el-construmat-2015\\\/#primaryimage\",\"url\":\"https:\\\/\\\/adecglobal.com\\\/wp-content\\\/uploads\\\/2015\\\/06\\\/IMG_7088-1-850x450-1.jpg\",\"contentUrl\":\"https:\\\/\\\/adecglobal.com\\\/wp-content\\\/uploads\\\/2015\\\/06\\\/IMG_7088-1-850x450-1.jpg\",\"width\":850,\"height\":450},{\"@type\":\"BreadcrumbList\",\"@id\":\"https:\\\/\\\/adecglobal.com\\\/es\\\/adec-global-ha-estado-presente-en-el-construmat-2015\\\/#breadcrumb\",\"itemListElement\":[{\"@type\":\"ListItem\",\"position\":1,\"name\":\"Home\",\"item\":\"https:\\\/\\\/adecglobal.com\\\/es\\\/hombre\\\/\"},{\"@type\":\"ListItem\",\"position\":2,\"name\":\"Adec Global ha estado presente en el Construmat 2015\"}]},{\"@type\":\"WebSite\",\"@id\":\"https:\\\/\\\/adecglobal.com\\\/es\\\/#website\",\"url\":\"https:\\\/\\\/adecglobal.com\\\/es\\\/\",\"name\":\"Adec Global\",\"description\":\"Convertim residus industrials en \u00e0rids sider\u00fargics\",\"publisher\":{\"@id\":\"https:\\\/\\\/adecglobal.com\\\/es\\\/#organization\"},\"potentialAction\":[{\"@type\":\"SearchAction\",\"target\":{\"@type\":\"EntryPoint\",\"urlTemplate\":\"https:\\\/\\\/adecglobal.com\\\/es\\\/?s={search_term_string}\"},\"query-input\":{\"@type\":\"PropertyValueSpecification\",\"valueRequired\":true,\"valueName\":\"search_term_string\"}}],\"inLanguage\":\"es\"},{\"@type\":\"Organization\",\"@id\":\"https:\\\/\\\/adecglobal.com\\\/es\\\/#organization\",\"name\":\"Adec Global\",\"url\":\"https:\\\/\\\/adecglobal.com\\\/es\\\/\",\"logo\":{\"@type\":\"ImageObject\",\"inLanguage\":\"es\",\"@id\":\"https:\\\/\\\/adecglobal.com\\\/es\\\/#\\\/schema\\\/logo\\\/image\\\/\",\"url\":\"https:\\\/\\\/adecglobal.com\\\/wp-content\\\/uploads\\\/2021\\\/04\\\/adec-global-logo.webp\",\"contentUrl\":\"https:\\\/\\\/adecglobal.com\\\/wp-content\\\/uploads\\\/2021\\\/04\\\/adec-global-logo.webp\",\"width\":659,\"height\":141,\"caption\":\"Adec Global\"},\"image\":{\"@id\":\"https:\\\/\\\/adecglobal.com\\\/es\\\/#\\\/schema\\\/logo\\\/image\\\/\"}},{\"@type\":\"Person\",\"@id\":\"https:\\\/\\\/adecglobal.com\\\/es\\\/#\\\/schema\\\/person\\\/f1ecf1183bafeed5e189508b51709e7d\",\"name\":\"admin\",\"image\":{\"@type\":\"ImageObject\",\"inLanguage\":\"es\",\"@id\":\"https:\\\/\\\/secure.gravatar.com\\\/avatar\\\/2c13691c959731c7a5bf693a554cbed3d1402fa36a35babe08d09907ecebc6c3?s=96&d=mm&r=g\",\"url\":\"https:\\\/\\\/secure.gravatar.com\\\/avatar\\\/2c13691c959731c7a5bf693a554cbed3d1402fa36a35babe08d09907ecebc6c3?s=96&d=mm&r=g\",\"contentUrl\":\"https:\\\/\\\/secure.gravatar.com\\\/avatar\\\/2c13691c959731c7a5bf693a554cbed3d1402fa36a35babe08d09907ecebc6c3?s=96&d=mm&r=g\",\"caption\":\"admin\"},\"sameAs\":[\"https:\\\/\\\/adecglobal.com\"]}]}<\/script>\n<!-- \/ Yoast SEO Premium plugin. -->","yoast_head_json":{"title":"Adec Global ha estado presente en el Construmat 2015 - Adec Global","robots":{"index":"index","follow":"follow","max-snippet":"max-snippet:-1","max-image-preview":"max-image-preview:large","max-video-preview":"max-video-preview:-1"},"canonical":"https:\/\/adecglobal.com\/es\/adec-global-ha-estado-presente-en-el-construmat-2015\/","og_locale":"es_ES","og_type":"article","og_title":"Adec Global ha estado presente en el Construmat 2015","og_description":"Beyond Building Barcelona-Construmat 2015 , el Sal\u00f3n internacional de la Construcci\u00f3n, se celebr\u00f3 del 19 al 23 de mayo de 2015 en el recinto de Gran V\u00eda de Fira de Barcelona con el objetivo de ofrecer ideas innovadoras y conseguir que el mundo de la construcci\u00f3n da un paso adelante hacia la recuperaci\u00f3n. Para ello [&hellip;]","og_url":"https:\/\/adecglobal.com\/es\/adec-global-ha-estado-presente-en-el-construmat-2015\/","og_site_name":"Adec Global","article_published_time":"2015-06-01T10:20:13+00:00","og_image":[{"width":850,"height":450,"url":"https:\/\/adecglobal.com\/wp-content\/uploads\/2015\/06\/IMG_7088-1-850x450-1.jpg","type":"image\/jpeg"}],"author":"admin","twitter_card":"summary_large_image","twitter_misc":{"Escrito por":"admin","Tiempo de lectura":"1 minuto"},"schema":{"@context":"https:\/\/schema.org","@graph":[{"@type":"Article","@id":"https:\/\/adecglobal.com\/es\/adec-global-ha-estado-presente-en-el-construmat-2015\/#article","isPartOf":{"@id":"https:\/\/adecglobal.com\/es\/adec-global-ha-estado-presente-en-el-construmat-2015\/"},"author":{"name":"admin","@id":"https:\/\/adecglobal.com\/es\/#\/schema\/person\/f1ecf1183bafeed5e189508b51709e7d"},"headline":"Adec Global ha estado presente en el Construmat 2015","datePublished":"2015-06-01T10:20:13+00:00","mainEntityOfPage":{"@id":"https:\/\/adecglobal.com\/es\/adec-global-ha-estado-presente-en-el-construmat-2015\/"},"wordCount":154,"commentCount":0,"publisher":{"@id":"https:\/\/adecglobal.com\/es\/#organization"},"image":{"@id":"https:\/\/adecglobal.com\/es\/adec-global-ha-estado-presente-en-el-construmat-2015\/#primaryimage"},"thumbnailUrl":"https:\/\/adecglobal.com\/wp-content\/uploads\/2015\/06\/IMG_7088-1-850x450-1.jpg","articleSection":["Obra Civil"],"inLanguage":"es","potentialAction":[{"@type":"CommentAction","name":"Comment","target":["https:\/\/adecglobal.com\/es\/adec-global-ha-estado-presente-en-el-construmat-2015\/#respond"]}]},{"@type":"WebPage","@id":"https:\/\/adecglobal.com\/es\/adec-global-ha-estado-presente-en-el-construmat-2015\/","url":"https:\/\/adecglobal.com\/es\/adec-global-ha-estado-presente-en-el-construmat-2015\/","name":"Adec Global ha estado presente en el Construmat 2015 - Adec Global","isPartOf":{"@id":"https:\/\/adecglobal.com\/es\/#website"},"primaryImageOfPage":{"@id":"https:\/\/adecglobal.com\/es\/adec-global-ha-estado-presente-en-el-construmat-2015\/#primaryimage"},"image":{"@id":"https:\/\/adecglobal.com\/es\/adec-global-ha-estado-presente-en-el-construmat-2015\/#primaryimage"},"thumbnailUrl":"https:\/\/adecglobal.com\/wp-content\/uploads\/2015\/06\/IMG_7088-1-850x450-1.jpg","datePublished":"2015-06-01T10:20:13+00:00","breadcrumb":{"@id":"https:\/\/adecglobal.com\/es\/adec-global-ha-estado-presente-en-el-construmat-2015\/#breadcrumb"},"inLanguage":"es","potentialAction":[{"@type":"ReadAction","target":["https:\/\/adecglobal.com\/es\/adec-global-ha-estado-presente-en-el-construmat-2015\/"]}]},{"@type":"ImageObject","inLanguage":"es","@id":"https:\/\/adecglobal.com\/es\/adec-global-ha-estado-presente-en-el-construmat-2015\/#primaryimage","url":"https:\/\/adecglobal.com\/wp-content\/uploads\/2015\/06\/IMG_7088-1-850x450-1.jpg","contentUrl":"https:\/\/adecglobal.com\/wp-content\/uploads\/2015\/06\/IMG_7088-1-850x450-1.jpg","width":850,"height":450},{"@type":"BreadcrumbList","@id":"https:\/\/adecglobal.com\/es\/adec-global-ha-estado-presente-en-el-construmat-2015\/#breadcrumb","itemListElement":[{"@type":"ListItem","position":1,"name":"Home","item":"https:\/\/adecglobal.com\/es\/hombre\/"},{"@type":"ListItem","position":2,"name":"Adec Global ha estado presente en el Construmat 2015"}]},{"@type":"WebSite","@id":"https:\/\/adecglobal.com\/es\/#website","url":"https:\/\/adecglobal.com\/es\/","name":"Adec Global","description":"Convertim residus industrials en \u00e0rids sider\u00fargics","publisher":{"@id":"https:\/\/adecglobal.com\/es\/#organization"},"potentialAction":[{"@type":"SearchAction","target":{"@type":"EntryPoint","urlTemplate":"https:\/\/adecglobal.com\/es\/?s={search_term_string}"},"query-input":{"@type":"PropertyValueSpecification","valueRequired":true,"valueName":"search_term_string"}}],"inLanguage":"es"},{"@type":"Organization","@id":"https:\/\/adecglobal.com\/es\/#organization","name":"Adec Global","url":"https:\/\/adecglobal.com\/es\/","logo":{"@type":"ImageObject","inLanguage":"es","@id":"https:\/\/adecglobal.com\/es\/#\/schema\/logo\/image\/","url":"https:\/\/adecglobal.com\/wp-content\/uploads\/2021\/04\/adec-global-logo.webp","contentUrl":"https:\/\/adecglobal.com\/wp-content\/uploads\/2021\/04\/adec-global-logo.webp","width":659,"height":141,"caption":"Adec Global"},"image":{"@id":"https:\/\/adecglobal.com\/es\/#\/schema\/logo\/image\/"}},{"@type":"Person","@id":"https:\/\/adecglobal.com\/es\/#\/schema\/person\/f1ecf1183bafeed5e189508b51709e7d","name":"admin","image":{"@type":"ImageObject","inLanguage":"es","@id":"https:\/\/secure.gravatar.com\/avatar\/2c13691c959731c7a5bf693a554cbed3d1402fa36a35babe08d09907ecebc6c3?s=96&d=mm&r=g","url":"https:\/\/secure.gravatar.com\/avatar\/2c13691c959731c7a5bf693a554cbed3d1402fa36a35babe08d09907ecebc6c3?s=96&d=mm&r=g","contentUrl":"https:\/\/secure.gravatar.com\/avatar\/2c13691c959731c7a5bf693a554cbed3d1402fa36a35babe08d09907ecebc6c3?s=96&d=mm&r=g","caption":"admin"},"sameAs":["https:\/\/adecglobal.com"]}]}},"_links":{"self":[{"href":"https:\/\/adecglobal.com\/es\/wp-json\/wp\/v2\/posts\/4828","targetHints":{"allow":["GET"]}}],"collection":[{"href":"https:\/\/adecglobal.com\/es\/wp-json\/wp\/v2\/posts"}],"about":[{"href":"https:\/\/adecglobal.com\/es\/wp-json\/wp\/v2\/types\/post"}],"author":[{"embeddable":true,"href":"https:\/\/adecglobal.com\/es\/wp-json\/wp\/v2\/users\/1"}],"replies":[{"embeddable":true,"href":"https:\/\/adecglobal.com\/es\/wp-json\/wp\/v2\/comments?post=4828"}],"version-history":[{"count":0,"href":"https:\/\/adecglobal.com\/es\/wp-json\/wp\/v2\/posts\/4828\/revisions"}],"wp:featuredmedia":[{"embeddable":true,"href":"https:\/\/adecglobal.com\/es\/wp-json\/wp\/v2\/media\/1749"}],"wp:attachment":[{"href":"https:\/\/adecglobal.com\/es\/wp-json\/wp\/v2\/media?parent=4828"}],"wp:term":[{"taxonomy":"category","embeddable":true,"href":"https:\/\/adecglobal.com\/es\/wp-json\/wp\/v2\/categories?post=4828"},{"taxonomy":"post_tag","embeddable":true,"href":"https:\/\/adecglobal.com\/es\/wp-json\/wp\/v2\/tags?post=4828"}],"curies":[{"name":"wp","href":"https:\/\/api.w.org\/{rel}","templated":true}]}}