{"id":4830,"date":"2015-05-25T10:00:00","date_gmt":"2015-05-25T08:00:00","guid":{"rendered":"https:\/\/adecglobal.com\/el-congreso-pide-al-gobierno-fomentar-el-uso-de-materiales-reciclados-en-las-carreteras\/"},"modified":"2015-05-25T10:00:00","modified_gmt":"2015-05-25T08:00:00","slug":"el-congreso-pide-al-gobierno-fomentar-el-uso-de-materiales-reciclados-en-las-carreteras","status":"publish","type":"post","link":"https:\/\/adecglobal.com\/es\/el-congreso-pide-al-gobierno-fomentar-el-uso-de-materiales-reciclados-en-las-carreteras\/","title":{"rendered":"El Congreso pide al Gobierno fomentar el uso de materiales reciclados en las carreteras"},"content":{"rendered":"<p style=\"text-align: justify;\">El <strong>PP<\/strong> ha registrado en el <strong>Congreso<\/strong> una proposici\u00f3n no de ley con la que pide al <strong>Gobierno<\/strong> que fomente el uso de <strong>materiales reciclados<\/strong> tanto en la construcci\u00f3n como en el mantenimiento de carreteras espa\u00f1olas.<\/p>\n<p style=\"text-align: justify;\">El uso de materiales reciclados y el reciclaje por lo general crece cada d\u00eda para intentar crear una mayor conciencia ciudadana en cualquier \u00e1mbito de la vida cotidiana. Ahora, el reciclaje llega tambi\u00e9n a la construcci\u00f3n. <\/p>\n<p style=\"text-align: justify;\"><strong>La iniciativa se debe a la Comisi\u00f3n parlamentaria de Fomento<\/strong> y en ella se recuerda que el reciclaje de materiales favorece una econom\u00eda m\u00e1s sostenible, adem\u00e1s de abaratar los procesos y reducir el impacto medioambiental de las diferentes actividades. Por este motivo, <strong>el uso de materiales reciclados en la construcci\u00f3n de grandes infraestructuras puede suponer un avance muy importante<\/strong> en el cuidado del medio ambiente. <\/p>\n<p style=\"text-align: justify;\"><strong>Esta propuesta ya tuvo su primer apunte en 2011, cuando durante el gobierno de Aznar dict\u00f3 una orden ministerial<\/strong> para que <em>los estudios, trabajos y obras de construcci\u00f3n tuvieran en cuenta la consideraci\u00f3n de ciertas t\u00e9cnicas para tratar los pavimentos in situ, as\u00ed como la utilizaci\u00f3n de materiales reciclables en la fabricaci\u00f3n del material asf\u00e1ltico.<\/em><\/p>\n<p style=\"text-align: justify;\">Ver la noticia en: <a href=\"http:\/\/noticias-renting.aldautomotive.es\/el-congreso-pide-al-gobierno-fomentar-el-uso-de-materiales-reciclados-en-las-carreteras\/\" target=\"_blank\" rel=\"noopener\">noticias-renting.aldautomotive.es\/el-congreso-pide-al-gobierno-fomentar-el-uso-de-materiales-reciclados-en-las-carreteras<\/a><\/p>\n","protected":false},"excerpt":{"rendered":"<p>El PP ha registrado en el Congreso una proposici\u00f3n no de ley con la que pide al Gobierno que fomente el uso de materiales reciclados tanto en la construcci\u00f3n como en el mantenimiento de carreteras espa\u00f1olas. El uso de materiales reciclados y el reciclaje por lo general crece cada d\u00eda para intentar crear una mayor [&hellip;]<\/p>\n","protected":false},"author":1,"featured_media":1747,"comment_status":"open","ping_status":"closed","sticky":false,"template":"","format":"standard","meta":{"footnotes":""},"categories":[50],"tags":[],"class_list":["post-4830","post","type-post","status-publish","format-standard","has-post-thumbnail","hentry","category-obra-civil-es"],"yoast_head":"<!-- This site is optimized with the Yoast SEO Premium plugin v27.3 (Yoast SEO v27.3) - https:\/\/yoast.com\/product\/yoast-seo-premium-wordpress\/ -->\n<title>El Congreso pide al Gobierno fomentar el uso de materiales reciclados en las carreteras - Adec Global<\/title>\n<meta name=\"robots\" content=\"index, follow, max-snippet:-1, max-image-preview:large, max-video-preview:-1\" \/>\n<link rel=\"canonical\" href=\"https:\/\/adecglobal.com\/es\/el-congreso-pide-al-gobierno-fomentar-el-uso-de-materiales-reciclados-en-las-carreteras\/\" \/>\n<meta property=\"og:locale\" content=\"es_ES\" \/>\n<meta property=\"og:type\" content=\"article\" \/>\n<meta property=\"og:title\" content=\"El Congreso pide al Gobierno fomentar el uso de materiales reciclados en las carreteras\" \/>\n<meta property=\"og:description\" content=\"El PP ha registrado en el Congreso una proposici\u00f3n no de ley con la que pide al Gobierno que fomente el uso de materiales reciclados tanto en la construcci\u00f3n como en el mantenimiento de carreteras espa\u00f1olas. El uso de materiales reciclados y el reciclaje por lo general crece cada d\u00eda para intentar crear una mayor [&hellip;]\" \/>\n<meta property=\"og:url\" content=\"https:\/\/adecglobal.com\/es\/el-congreso-pide-al-gobierno-fomentar-el-uso-de-materiales-reciclados-en-las-carreteras\/\" \/>\n<meta property=\"og:site_name\" content=\"Adec Global\" \/>\n<meta property=\"article:published_time\" content=\"2015-05-25T08:00:00+00:00\" \/>\n<meta property=\"og:image\" content=\"https:\/\/adecglobal.com\/wp-content\/uploads\/2015\/05\/1381735951_roadbuild-850x450-1.jpg\" \/>\n\t<meta property=\"og:image:width\" content=\"850\" \/>\n\t<meta property=\"og:image:height\" content=\"450\" \/>\n\t<meta property=\"og:image:type\" content=\"image\/jpeg\" \/>\n<meta name=\"author\" content=\"admin\" \/>\n<meta name=\"twitter:card\" content=\"summary_large_image\" \/>\n<meta name=\"twitter:label1\" content=\"Escrito por\" \/>\n\t<meta name=\"twitter:data1\" content=\"admin\" \/>\n\t<meta name=\"twitter:label2\" content=\"Tiempo de lectura\" \/>\n\t<meta name=\"twitter:data2\" content=\"1 minuto\" \/>\n<script type=\"application\/ld+json\" class=\"yoast-schema-graph\">{\"@context\":\"https:\\\/\\\/schema.org\",\"@graph\":[{\"@type\":\"Article\",\"@id\":\"https:\\\/\\\/adecglobal.com\\\/es\\\/el-congreso-pide-al-gobierno-fomentar-el-uso-de-materiales-reciclados-en-las-carreteras\\\/#article\",\"isPartOf\":{\"@id\":\"https:\\\/\\\/adecglobal.com\\\/es\\\/el-congreso-pide-al-gobierno-fomentar-el-uso-de-materiales-reciclados-en-las-carreteras\\\/\"},\"author\":{\"name\":\"admin\",\"@id\":\"https:\\\/\\\/adecglobal.com\\\/es\\\/#\\\/schema\\\/person\\\/f1ecf1183bafeed5e189508b51709e7d\"},\"headline\":\"El Congreso pide al Gobierno fomentar el uso de materiales reciclados en las carreteras\",\"datePublished\":\"2015-05-25T08:00:00+00:00\",\"mainEntityOfPage\":{\"@id\":\"https:\\\/\\\/adecglobal.com\\\/es\\\/el-congreso-pide-al-gobierno-fomentar-el-uso-de-materiales-reciclados-en-las-carreteras\\\/\"},\"wordCount\":230,\"commentCount\":0,\"publisher\":{\"@id\":\"https:\\\/\\\/adecglobal.com\\\/es\\\/#organization\"},\"image\":{\"@id\":\"https:\\\/\\\/adecglobal.com\\\/es\\\/el-congreso-pide-al-gobierno-fomentar-el-uso-de-materiales-reciclados-en-las-carreteras\\\/#primaryimage\"},\"thumbnailUrl\":\"https:\\\/\\\/adecglobal.com\\\/wp-content\\\/uploads\\\/2015\\\/05\\\/1381735951_roadbuild-850x450-1.jpg\",\"articleSection\":[\"Obra Civil\"],\"inLanguage\":\"es\",\"potentialAction\":[{\"@type\":\"CommentAction\",\"name\":\"Comment\",\"target\":[\"https:\\\/\\\/adecglobal.com\\\/es\\\/el-congreso-pide-al-gobierno-fomentar-el-uso-de-materiales-reciclados-en-las-carreteras\\\/#respond\"]}]},{\"@type\":\"WebPage\",\"@id\":\"https:\\\/\\\/adecglobal.com\\\/es\\\/el-congreso-pide-al-gobierno-fomentar-el-uso-de-materiales-reciclados-en-las-carreteras\\\/\",\"url\":\"https:\\\/\\\/adecglobal.com\\\/es\\\/el-congreso-pide-al-gobierno-fomentar-el-uso-de-materiales-reciclados-en-las-carreteras\\\/\",\"name\":\"El Congreso pide al Gobierno fomentar el uso de materiales reciclados en las carreteras - Adec Global\",\"isPartOf\":{\"@id\":\"https:\\\/\\\/adecglobal.com\\\/es\\\/#website\"},\"primaryImageOfPage\":{\"@id\":\"https:\\\/\\\/adecglobal.com\\\/es\\\/el-congreso-pide-al-gobierno-fomentar-el-uso-de-materiales-reciclados-en-las-carreteras\\\/#primaryimage\"},\"image\":{\"@id\":\"https:\\\/\\\/adecglobal.com\\\/es\\\/el-congreso-pide-al-gobierno-fomentar-el-uso-de-materiales-reciclados-en-las-carreteras\\\/#primaryimage\"},\"thumbnailUrl\":\"https:\\\/\\\/adecglobal.com\\\/wp-content\\\/uploads\\\/2015\\\/05\\\/1381735951_roadbuild-850x450-1.jpg\",\"datePublished\":\"2015-05-25T08:00:00+00:00\",\"breadcrumb\":{\"@id\":\"https:\\\/\\\/adecglobal.com\\\/es\\\/el-congreso-pide-al-gobierno-fomentar-el-uso-de-materiales-reciclados-en-las-carreteras\\\/#breadcrumb\"},\"inLanguage\":\"es\",\"potentialAction\":[{\"@type\":\"ReadAction\",\"target\":[\"https:\\\/\\\/adecglobal.com\\\/es\\\/el-congreso-pide-al-gobierno-fomentar-el-uso-de-materiales-reciclados-en-las-carreteras\\\/\"]}]},{\"@type\":\"ImageObject\",\"inLanguage\":\"es\",\"@id\":\"https:\\\/\\\/adecglobal.com\\\/es\\\/el-congreso-pide-al-gobierno-fomentar-el-uso-de-materiales-reciclados-en-las-carreteras\\\/#primaryimage\",\"url\":\"https:\\\/\\\/adecglobal.com\\\/wp-content\\\/uploads\\\/2015\\\/05\\\/1381735951_roadbuild-850x450-1.jpg\",\"contentUrl\":\"https:\\\/\\\/adecglobal.com\\\/wp-content\\\/uploads\\\/2015\\\/05\\\/1381735951_roadbuild-850x450-1.jpg\",\"width\":850,\"height\":450},{\"@type\":\"BreadcrumbList\",\"@id\":\"https:\\\/\\\/adecglobal.com\\\/es\\\/el-congreso-pide-al-gobierno-fomentar-el-uso-de-materiales-reciclados-en-las-carreteras\\\/#breadcrumb\",\"itemListElement\":[{\"@type\":\"ListItem\",\"position\":1,\"name\":\"Home\",\"item\":\"https:\\\/\\\/adecglobal.com\\\/es\\\/hombre\\\/\"},{\"@type\":\"ListItem\",\"position\":2,\"name\":\"El Congreso pide al Gobierno fomentar el uso de materiales reciclados en las carreteras\"}]},{\"@type\":\"WebSite\",\"@id\":\"https:\\\/\\\/adecglobal.com\\\/es\\\/#website\",\"url\":\"https:\\\/\\\/adecglobal.com\\\/es\\\/\",\"name\":\"Adec Global\",\"description\":\"Convertim residus industrials en \u00e0rids sider\u00fargics\",\"publisher\":{\"@id\":\"https:\\\/\\\/adecglobal.com\\\/es\\\/#organization\"},\"potentialAction\":[{\"@type\":\"SearchAction\",\"target\":{\"@type\":\"EntryPoint\",\"urlTemplate\":\"https:\\\/\\\/adecglobal.com\\\/es\\\/?s={search_term_string}\"},\"query-input\":{\"@type\":\"PropertyValueSpecification\",\"valueRequired\":true,\"valueName\":\"search_term_string\"}}],\"inLanguage\":\"es\"},{\"@type\":\"Organization\",\"@id\":\"https:\\\/\\\/adecglobal.com\\\/es\\\/#organization\",\"name\":\"Adec Global\",\"url\":\"https:\\\/\\\/adecglobal.com\\\/es\\\/\",\"logo\":{\"@type\":\"ImageObject\",\"inLanguage\":\"es\",\"@id\":\"https:\\\/\\\/adecglobal.com\\\/es\\\/#\\\/schema\\\/logo\\\/image\\\/\",\"url\":\"https:\\\/\\\/adecglobal.com\\\/wp-content\\\/uploads\\\/2021\\\/04\\\/adec-global-logo.webp\",\"contentUrl\":\"https:\\\/\\\/adecglobal.com\\\/wp-content\\\/uploads\\\/2021\\\/04\\\/adec-global-logo.webp\",\"width\":659,\"height\":141,\"caption\":\"Adec Global\"},\"image\":{\"@id\":\"https:\\\/\\\/adecglobal.com\\\/es\\\/#\\\/schema\\\/logo\\\/image\\\/\"}},{\"@type\":\"Person\",\"@id\":\"https:\\\/\\\/adecglobal.com\\\/es\\\/#\\\/schema\\\/person\\\/f1ecf1183bafeed5e189508b51709e7d\",\"name\":\"admin\",\"image\":{\"@type\":\"ImageObject\",\"inLanguage\":\"es\",\"@id\":\"https:\\\/\\\/secure.gravatar.com\\\/avatar\\\/2c13691c959731c7a5bf693a554cbed3d1402fa36a35babe08d09907ecebc6c3?s=96&d=mm&r=g\",\"url\":\"https:\\\/\\\/secure.gravatar.com\\\/avatar\\\/2c13691c959731c7a5bf693a554cbed3d1402fa36a35babe08d09907ecebc6c3?s=96&d=mm&r=g\",\"contentUrl\":\"https:\\\/\\\/secure.gravatar.com\\\/avatar\\\/2c13691c959731c7a5bf693a554cbed3d1402fa36a35babe08d09907ecebc6c3?s=96&d=mm&r=g\",\"caption\":\"admin\"},\"sameAs\":[\"https:\\\/\\\/adecglobal.com\"]}]}<\/script>\n<!-- \/ Yoast SEO Premium plugin. -->","yoast_head_json":{"title":"El Congreso pide al Gobierno fomentar el uso de materiales reciclados en las carreteras - Adec Global","robots":{"index":"index","follow":"follow","max-snippet":"max-snippet:-1","max-image-preview":"max-image-preview:large","max-video-preview":"max-video-preview:-1"},"canonical":"https:\/\/adecglobal.com\/es\/el-congreso-pide-al-gobierno-fomentar-el-uso-de-materiales-reciclados-en-las-carreteras\/","og_locale":"es_ES","og_type":"article","og_title":"El Congreso pide al Gobierno fomentar el uso de materiales reciclados en las carreteras","og_description":"El PP ha registrado en el Congreso una proposici\u00f3n no de ley con la que pide al Gobierno que fomente el uso de materiales reciclados tanto en la construcci\u00f3n como en el mantenimiento de carreteras espa\u00f1olas. El uso de materiales reciclados y el reciclaje por lo general crece cada d\u00eda para intentar crear una mayor [&hellip;]","og_url":"https:\/\/adecglobal.com\/es\/el-congreso-pide-al-gobierno-fomentar-el-uso-de-materiales-reciclados-en-las-carreteras\/","og_site_name":"Adec Global","article_published_time":"2015-05-25T08:00:00+00:00","og_image":[{"width":850,"height":450,"url":"https:\/\/adecglobal.com\/wp-content\/uploads\/2015\/05\/1381735951_roadbuild-850x450-1.jpg","type":"image\/jpeg"}],"author":"admin","twitter_card":"summary_large_image","twitter_misc":{"Escrito por":"admin","Tiempo de lectura":"1 minuto"},"schema":{"@context":"https:\/\/schema.org","@graph":[{"@type":"Article","@id":"https:\/\/adecglobal.com\/es\/el-congreso-pide-al-gobierno-fomentar-el-uso-de-materiales-reciclados-en-las-carreteras\/#article","isPartOf":{"@id":"https:\/\/adecglobal.com\/es\/el-congreso-pide-al-gobierno-fomentar-el-uso-de-materiales-reciclados-en-las-carreteras\/"},"author":{"name":"admin","@id":"https:\/\/adecglobal.com\/es\/#\/schema\/person\/f1ecf1183bafeed5e189508b51709e7d"},"headline":"El Congreso pide al Gobierno fomentar el uso de materiales reciclados en las carreteras","datePublished":"2015-05-25T08:00:00+00:00","mainEntityOfPage":{"@id":"https:\/\/adecglobal.com\/es\/el-congreso-pide-al-gobierno-fomentar-el-uso-de-materiales-reciclados-en-las-carreteras\/"},"wordCount":230,"commentCount":0,"publisher":{"@id":"https:\/\/adecglobal.com\/es\/#organization"},"image":{"@id":"https:\/\/adecglobal.com\/es\/el-congreso-pide-al-gobierno-fomentar-el-uso-de-materiales-reciclados-en-las-carreteras\/#primaryimage"},"thumbnailUrl":"https:\/\/adecglobal.com\/wp-content\/uploads\/2015\/05\/1381735951_roadbuild-850x450-1.jpg","articleSection":["Obra Civil"],"inLanguage":"es","potentialAction":[{"@type":"CommentAction","name":"Comment","target":["https:\/\/adecglobal.com\/es\/el-congreso-pide-al-gobierno-fomentar-el-uso-de-materiales-reciclados-en-las-carreteras\/#respond"]}]},{"@type":"WebPage","@id":"https:\/\/adecglobal.com\/es\/el-congreso-pide-al-gobierno-fomentar-el-uso-de-materiales-reciclados-en-las-carreteras\/","url":"https:\/\/adecglobal.com\/es\/el-congreso-pide-al-gobierno-fomentar-el-uso-de-materiales-reciclados-en-las-carreteras\/","name":"El Congreso pide al Gobierno fomentar el uso de materiales reciclados en las carreteras - Adec Global","isPartOf":{"@id":"https:\/\/adecglobal.com\/es\/#website"},"primaryImageOfPage":{"@id":"https:\/\/adecglobal.com\/es\/el-congreso-pide-al-gobierno-fomentar-el-uso-de-materiales-reciclados-en-las-carreteras\/#primaryimage"},"image":{"@id":"https:\/\/adecglobal.com\/es\/el-congreso-pide-al-gobierno-fomentar-el-uso-de-materiales-reciclados-en-las-carreteras\/#primaryimage"},"thumbnailUrl":"https:\/\/adecglobal.com\/wp-content\/uploads\/2015\/05\/1381735951_roadbuild-850x450-1.jpg","datePublished":"2015-05-25T08:00:00+00:00","breadcrumb":{"@id":"https:\/\/adecglobal.com\/es\/el-congreso-pide-al-gobierno-fomentar-el-uso-de-materiales-reciclados-en-las-carreteras\/#breadcrumb"},"inLanguage":"es","potentialAction":[{"@type":"ReadAction","target":["https:\/\/adecglobal.com\/es\/el-congreso-pide-al-gobierno-fomentar-el-uso-de-materiales-reciclados-en-las-carreteras\/"]}]},{"@type":"ImageObject","inLanguage":"es","@id":"https:\/\/adecglobal.com\/es\/el-congreso-pide-al-gobierno-fomentar-el-uso-de-materiales-reciclados-en-las-carreteras\/#primaryimage","url":"https:\/\/adecglobal.com\/wp-content\/uploads\/2015\/05\/1381735951_roadbuild-850x450-1.jpg","contentUrl":"https:\/\/adecglobal.com\/wp-content\/uploads\/2015\/05\/1381735951_roadbuild-850x450-1.jpg","width":850,"height":450},{"@type":"BreadcrumbList","@id":"https:\/\/adecglobal.com\/es\/el-congreso-pide-al-gobierno-fomentar-el-uso-de-materiales-reciclados-en-las-carreteras\/#breadcrumb","itemListElement":[{"@type":"ListItem","position":1,"name":"Home","item":"https:\/\/adecglobal.com\/es\/hombre\/"},{"@type":"ListItem","position":2,"name":"El Congreso pide al Gobierno fomentar el uso de materiales reciclados en las carreteras"}]},{"@type":"WebSite","@id":"https:\/\/adecglobal.com\/es\/#website","url":"https:\/\/adecglobal.com\/es\/","name":"Adec Global","description":"Convertim residus industrials en \u00e0rids sider\u00fargics","publisher":{"@id":"https:\/\/adecglobal.com\/es\/#organization"},"potentialAction":[{"@type":"SearchAction","target":{"@type":"EntryPoint","urlTemplate":"https:\/\/adecglobal.com\/es\/?s={search_term_string}"},"query-input":{"@type":"PropertyValueSpecification","valueRequired":true,"valueName":"search_term_string"}}],"inLanguage":"es"},{"@type":"Organization","@id":"https:\/\/adecglobal.com\/es\/#organization","name":"Adec Global","url":"https:\/\/adecglobal.com\/es\/","logo":{"@type":"ImageObject","inLanguage":"es","@id":"https:\/\/adecglobal.com\/es\/#\/schema\/logo\/image\/","url":"https:\/\/adecglobal.com\/wp-content\/uploads\/2021\/04\/adec-global-logo.webp","contentUrl":"https:\/\/adecglobal.com\/wp-content\/uploads\/2021\/04\/adec-global-logo.webp","width":659,"height":141,"caption":"Adec Global"},"image":{"@id":"https:\/\/adecglobal.com\/es\/#\/schema\/logo\/image\/"}},{"@type":"Person","@id":"https:\/\/adecglobal.com\/es\/#\/schema\/person\/f1ecf1183bafeed5e189508b51709e7d","name":"admin","image":{"@type":"ImageObject","inLanguage":"es","@id":"https:\/\/secure.gravatar.com\/avatar\/2c13691c959731c7a5bf693a554cbed3d1402fa36a35babe08d09907ecebc6c3?s=96&d=mm&r=g","url":"https:\/\/secure.gravatar.com\/avatar\/2c13691c959731c7a5bf693a554cbed3d1402fa36a35babe08d09907ecebc6c3?s=96&d=mm&r=g","contentUrl":"https:\/\/secure.gravatar.com\/avatar\/2c13691c959731c7a5bf693a554cbed3d1402fa36a35babe08d09907ecebc6c3?s=96&d=mm&r=g","caption":"admin"},"sameAs":["https:\/\/adecglobal.com"]}]}},"_links":{"self":[{"href":"https:\/\/adecglobal.com\/es\/wp-json\/wp\/v2\/posts\/4830","targetHints":{"allow":["GET"]}}],"collection":[{"href":"https:\/\/adecglobal.com\/es\/wp-json\/wp\/v2\/posts"}],"about":[{"href":"https:\/\/adecglobal.com\/es\/wp-json\/wp\/v2\/types\/post"}],"author":[{"embeddable":true,"href":"https:\/\/adecglobal.com\/es\/wp-json\/wp\/v2\/users\/1"}],"replies":[{"embeddable":true,"href":"https:\/\/adecglobal.com\/es\/wp-json\/wp\/v2\/comments?post=4830"}],"version-history":[{"count":0,"href":"https:\/\/adecglobal.com\/es\/wp-json\/wp\/v2\/posts\/4830\/revisions"}],"wp:featuredmedia":[{"embeddable":true,"href":"https:\/\/adecglobal.com\/es\/wp-json\/wp\/v2\/media\/1747"}],"wp:attachment":[{"href":"https:\/\/adecglobal.com\/es\/wp-json\/wp\/v2\/media?parent=4830"}],"wp:term":[{"taxonomy":"category","embeddable":true,"href":"https:\/\/adecglobal.com\/es\/wp-json\/wp\/v2\/categories?post=4830"},{"taxonomy":"post_tag","embeddable":true,"href":"https:\/\/adecglobal.com\/es\/wp-json\/wp\/v2\/tags?post=4830"}],"curies":[{"name":"wp","href":"https:\/\/api.w.org\/{rel}","templated":true}]}}