{"id":4833,"date":"2015-05-21T10:30:36","date_gmt":"2015-05-21T08:30:36","guid":{"rendered":"https:\/\/adecglobal.com\/entrevista-de-la-vanguardia-en-felix-pedroso-director-general-de-adec-global\/"},"modified":"2015-05-21T10:30:36","modified_gmt":"2015-05-21T08:30:36","slug":"entrevista-de-la-vanguardia-en-felix-pedroso-director-general-de-adec-global","status":"publish","type":"post","link":"https:\/\/adecglobal.com\/es\/entrevista-de-la-vanguardia-en-felix-pedroso-director-general-de-adec-global\/","title":{"rendered":"Entrevista de la Vanguardia en F\u00e9lix Pedroso, director general de Adec Global"},"content":{"rendered":"<p><i>Nos posicionamos a un nivel de calidad igual o superior al del mejor \u00e1rido gran\u00edtico procedente de cualquier cantera espa\u00f1ola<\/i><\/p>\n<p>ADEC GLOBAL cuenta con una trayectoria de cinco a\u00f1os en el mercado y su actividad est\u00e1 centrada en la gesti\u00f3n y valorizaci\u00f3n de escorias sider\u00fargicas y de la construcci\u00f3n por su posterior elaboraci\u00f3n de \u00e1ridos por la obra civil, un producto que gracias a la su labor de I+D tiene una cantidad igual o superior a la de cualquier otro \u00e1rido natural, tal y como acreditan sus diversas certificaciones.<\/p>\n<div class=\"page\" title=\"Page 4\">\n<div class=\"layoutArea\">\n<div class=\"column\">\n<p><strong>\u00bfC\u00f3mo fueron los or\u00edgenes de ADEC GLOBAL?<\/strong><\/p>\n<div class=\"page\" title=\"Page 4\">\n<div class=\"layoutArea\">\n<div class=\"column\">\n<p>Esta compa\u00f1\u00eda comienza su actividad en julio de 2010 como resultado de la evoluci\u00f3n de una empresa constructora anterior, perteneciente al Grupo ADEC, con una trayectoria de m\u00e1s de 15 a\u00f1os. Tras la fuerte crisis que afect\u00f3 a este segmento del negocio, y como se trataba de una entidad que reciclaba sus propios residuos de las obras, sus responsables ten\u00edan el background suficiente para montar una sociedad independiente con las licencias ambientales pertinentes otorgadas por la Agencia de Residuos de Catalu\u00f1a para actuar como gestor de residuos. <\/p>\n<p><strong>\u00bfCu\u00e1les son sus principales actividades?<\/strong><\/p>\n<p>Nos dedicamos a la valorizaci\u00f3n y reciclaje de las escorias sider\u00fargicas y de la construcci\u00f3n por la posterior elaboraci\u00f3n de \u00e1ridos sostenibles por la obra civil. Por tanto, nuestros clientes potenciales son las grandes constructoras, ya que con este producto reciclado se pueden realizar mezclas bituminosas (asfalto), hormigones no estructurales, capas granulares, muros de contenci\u00f3n, tratamientos superficiales por carreteras, aeropuertos y otras zonas pavimentadas, etc . <\/p>\n<\/div>\n<\/div>\n<div class=\"layoutArea\">\n<div class=\"column\">\n<p><strong>\u00bfExisten diferencias cualitativas entre esos \u00e1ridos reciclados y cualquier otro \u00e1rido de origen natural?<\/strong><\/p>\n<p>El hecho de que nuestro producto provenga de residuos reciclados implica que seamos extremadamente exigentes con nuestro proceso de producci\u00f3n. En ese sentido, nuestros \u00e1ridos est\u00e1n acreditados con la certificaci\u00f3n CE y cumplen todos los requisitos en materia de calidad. Adem\u00e1s, mantenemos desde el primer d\u00eda un convenio con la Universidad Polit\u00e9cnica de Catalu\u00f1a (UPC) para que sea una entinta, de forma independiente, la que determine si nuestro producto y su aplicaci\u00f3n cumplen en cada momento con las condiciones estipuladas. De esta forma, nuestra intenci\u00f3n es posicionarnos a un nivel de calidad superior al del mejor \u00e1rido procedente de cualquier cantera espa\u00f1ola y llevamos a cabo los tratamientos pertinentes para conseguir este objetivo. <\/p>\n<p><strong>Para elaborar \u00e1ridos de tan alta calidad deben requerir unas instalaciones adecuadas.  <\/strong><\/p>\n<p>En efecto, nuestras instalaciones est\u00e1n ubicadas en Vallirana (Barcelona) y cumplen todas las normativas que establece el decreto ley sobre la escoria y los escombros que rige la actividad de los gestores de residuos en este segmento. Adem\u00e1s, est\u00e1n equipadas con maquinaria especializada muy flexible para poder efectuar la totalidad de procesos productivos, como resfriados, separaci\u00f3n del hierro de las escorias trituraci\u00f3n, cribado, maturaci\u00f3n, almacenamiento&#8230; <\/p>\n<p><strong>\u00bfHacia d\u00f3nde se dirigen sus objetivos a corto, medio o largo plazo?<\/strong><\/p>\n<p>A corto y medio plazo estamos trabajando para que las diferentes administraciones p\u00fablicas incluyan en los pliegos de condiciones generales de sus concursos de obra civil la presencia de \u00e1ridos sider\u00fargicos como alternativa a los \u00e1ridos naturales por las constructoras, mientras que a largo plazo estamos desarrollando en partir de nuestros \u00e1ridos tramos de asfalto en la capa de rodadura que aporten la mayor seguridad, durabilidad y reducci\u00f3n de costes, con el valor a\u00f1adido que supone para el medio ambiente desde el punto de vista ecol\u00f3gico.<\/p>\n<\/div>\n<\/div>\n<\/div>\n<\/div>\n<\/div>\n<\/div>\n","protected":false},"excerpt":{"rendered":"<p>Nos posicionamos a un nivel de calidad igual o superior al del mejor \u00e1rido gran\u00edtico procedente de cualquier cantera espa\u00f1ola ADEC GLOBAL cuenta con una trayectoria de cinco a\u00f1os en el mercado y su actividad est\u00e1 centrada en la gesti\u00f3n y valorizaci\u00f3n de escorias sider\u00fargicas y de la construcci\u00f3n por su posterior elaboraci\u00f3n de \u00e1ridos [&hellip;]<\/p>\n","protected":false},"author":1,"featured_media":1748,"comment_status":"open","ping_status":"closed","sticky":false,"template":"","format":"standard","meta":{"footnotes":""},"categories":[50],"tags":[],"class_list":["post-4833","post","type-post","status-publish","format-standard","has-post-thumbnail","hentry","category-obra-civil-es"],"yoast_head":"<!-- This site is optimized with the Yoast SEO Premium plugin v27.3 (Yoast SEO v27.3) - https:\/\/yoast.com\/product\/yoast-seo-premium-wordpress\/ -->\n<title>Entrevista de la Vanguardia en F\u00e9lix Pedroso, director general de Adec Global - Adec Global<\/title>\n<meta name=\"robots\" content=\"index, follow, max-snippet:-1, max-image-preview:large, max-video-preview:-1\" \/>\n<link rel=\"canonical\" href=\"https:\/\/adecglobal.com\/es\/entrevista-de-la-vanguardia-en-felix-pedroso-director-general-de-adec-global\/\" \/>\n<meta property=\"og:locale\" content=\"es_ES\" \/>\n<meta property=\"og:type\" content=\"article\" \/>\n<meta property=\"og:title\" content=\"Entrevista de la Vanguardia en F\u00e9lix Pedroso, director general de Adec Global\" \/>\n<meta property=\"og:description\" content=\"Nos posicionamos a un nivel de calidad igual o superior al del mejor \u00e1rido gran\u00edtico procedente de cualquier cantera espa\u00f1ola ADEC GLOBAL cuenta con una trayectoria de cinco a\u00f1os en el mercado y su actividad est\u00e1 centrada en la gesti\u00f3n y valorizaci\u00f3n de escorias sider\u00fargicas y de la construcci\u00f3n por su posterior elaboraci\u00f3n de \u00e1ridos [&hellip;]\" \/>\n<meta property=\"og:url\" content=\"https:\/\/adecglobal.com\/es\/entrevista-de-la-vanguardia-en-felix-pedroso-director-general-de-adec-global\/\" \/>\n<meta property=\"og:site_name\" content=\"Adec Global\" \/>\n<meta property=\"article:published_time\" content=\"2015-05-21T08:30:36+00:00\" \/>\n<meta property=\"og:image\" content=\"https:\/\/adecglobal.com\/wp-content\/uploads\/2015\/05\/empresa-contacte-850x450-1.jpg\" \/>\n\t<meta property=\"og:image:width\" content=\"850\" \/>\n\t<meta property=\"og:image:height\" content=\"450\" \/>\n\t<meta property=\"og:image:type\" content=\"image\/jpeg\" \/>\n<meta name=\"author\" content=\"admin\" \/>\n<meta name=\"twitter:card\" content=\"summary_large_image\" \/>\n<meta name=\"twitter:label1\" content=\"Escrito por\" \/>\n\t<meta name=\"twitter:data1\" content=\"admin\" \/>\n\t<meta name=\"twitter:label2\" content=\"Tiempo de lectura\" \/>\n\t<meta name=\"twitter:data2\" content=\"3 minutos\" \/>\n<script type=\"application\/ld+json\" class=\"yoast-schema-graph\">{\"@context\":\"https:\\\/\\\/schema.org\",\"@graph\":[{\"@type\":\"Article\",\"@id\":\"https:\\\/\\\/adecglobal.com\\\/es\\\/entrevista-de-la-vanguardia-en-felix-pedroso-director-general-de-adec-global\\\/#article\",\"isPartOf\":{\"@id\":\"https:\\\/\\\/adecglobal.com\\\/es\\\/entrevista-de-la-vanguardia-en-felix-pedroso-director-general-de-adec-global\\\/\"},\"author\":{\"name\":\"admin\",\"@id\":\"https:\\\/\\\/adecglobal.com\\\/es\\\/#\\\/schema\\\/person\\\/f1ecf1183bafeed5e189508b51709e7d\"},\"headline\":\"Entrevista de la Vanguardia en F\u00e9lix Pedroso, director general de Adec Global\",\"datePublished\":\"2015-05-21T08:30:36+00:00\",\"mainEntityOfPage\":{\"@id\":\"https:\\\/\\\/adecglobal.com\\\/es\\\/entrevista-de-la-vanguardia-en-felix-pedroso-director-general-de-adec-global\\\/\"},\"wordCount\":611,\"commentCount\":0,\"publisher\":{\"@id\":\"https:\\\/\\\/adecglobal.com\\\/es\\\/#organization\"},\"image\":{\"@id\":\"https:\\\/\\\/adecglobal.com\\\/es\\\/entrevista-de-la-vanguardia-en-felix-pedroso-director-general-de-adec-global\\\/#primaryimage\"},\"thumbnailUrl\":\"https:\\\/\\\/adecglobal.com\\\/wp-content\\\/uploads\\\/2015\\\/05\\\/empresa-contacte-850x450-1.jpg\",\"articleSection\":[\"Obra Civil\"],\"inLanguage\":\"es\",\"potentialAction\":[{\"@type\":\"CommentAction\",\"name\":\"Comment\",\"target\":[\"https:\\\/\\\/adecglobal.com\\\/es\\\/entrevista-de-la-vanguardia-en-felix-pedroso-director-general-de-adec-global\\\/#respond\"]}]},{\"@type\":\"WebPage\",\"@id\":\"https:\\\/\\\/adecglobal.com\\\/es\\\/entrevista-de-la-vanguardia-en-felix-pedroso-director-general-de-adec-global\\\/\",\"url\":\"https:\\\/\\\/adecglobal.com\\\/es\\\/entrevista-de-la-vanguardia-en-felix-pedroso-director-general-de-adec-global\\\/\",\"name\":\"Entrevista de la Vanguardia en F\u00e9lix Pedroso, director general de Adec Global - Adec Global\",\"isPartOf\":{\"@id\":\"https:\\\/\\\/adecglobal.com\\\/es\\\/#website\"},\"primaryImageOfPage\":{\"@id\":\"https:\\\/\\\/adecglobal.com\\\/es\\\/entrevista-de-la-vanguardia-en-felix-pedroso-director-general-de-adec-global\\\/#primaryimage\"},\"image\":{\"@id\":\"https:\\\/\\\/adecglobal.com\\\/es\\\/entrevista-de-la-vanguardia-en-felix-pedroso-director-general-de-adec-global\\\/#primaryimage\"},\"thumbnailUrl\":\"https:\\\/\\\/adecglobal.com\\\/wp-content\\\/uploads\\\/2015\\\/05\\\/empresa-contacte-850x450-1.jpg\",\"datePublished\":\"2015-05-21T08:30:36+00:00\",\"breadcrumb\":{\"@id\":\"https:\\\/\\\/adecglobal.com\\\/es\\\/entrevista-de-la-vanguardia-en-felix-pedroso-director-general-de-adec-global\\\/#breadcrumb\"},\"inLanguage\":\"es\",\"potentialAction\":[{\"@type\":\"ReadAction\",\"target\":[\"https:\\\/\\\/adecglobal.com\\\/es\\\/entrevista-de-la-vanguardia-en-felix-pedroso-director-general-de-adec-global\\\/\"]}]},{\"@type\":\"ImageObject\",\"inLanguage\":\"es\",\"@id\":\"https:\\\/\\\/adecglobal.com\\\/es\\\/entrevista-de-la-vanguardia-en-felix-pedroso-director-general-de-adec-global\\\/#primaryimage\",\"url\":\"https:\\\/\\\/adecglobal.com\\\/wp-content\\\/uploads\\\/2015\\\/05\\\/empresa-contacte-850x450-1.jpg\",\"contentUrl\":\"https:\\\/\\\/adecglobal.com\\\/wp-content\\\/uploads\\\/2015\\\/05\\\/empresa-contacte-850x450-1.jpg\",\"width\":850,\"height\":450},{\"@type\":\"BreadcrumbList\",\"@id\":\"https:\\\/\\\/adecglobal.com\\\/es\\\/entrevista-de-la-vanguardia-en-felix-pedroso-director-general-de-adec-global\\\/#breadcrumb\",\"itemListElement\":[{\"@type\":\"ListItem\",\"position\":1,\"name\":\"Home\",\"item\":\"https:\\\/\\\/adecglobal.com\\\/es\\\/hombre\\\/\"},{\"@type\":\"ListItem\",\"position\":2,\"name\":\"Entrevista de la Vanguardia en F\u00e9lix Pedroso, director general de Adec Global\"}]},{\"@type\":\"WebSite\",\"@id\":\"https:\\\/\\\/adecglobal.com\\\/es\\\/#website\",\"url\":\"https:\\\/\\\/adecglobal.com\\\/es\\\/\",\"name\":\"Adec Global\",\"description\":\"Convertim residus industrials en \u00e0rids sider\u00fargics\",\"publisher\":{\"@id\":\"https:\\\/\\\/adecglobal.com\\\/es\\\/#organization\"},\"potentialAction\":[{\"@type\":\"SearchAction\",\"target\":{\"@type\":\"EntryPoint\",\"urlTemplate\":\"https:\\\/\\\/adecglobal.com\\\/es\\\/?s={search_term_string}\"},\"query-input\":{\"@type\":\"PropertyValueSpecification\",\"valueRequired\":true,\"valueName\":\"search_term_string\"}}],\"inLanguage\":\"es\"},{\"@type\":\"Organization\",\"@id\":\"https:\\\/\\\/adecglobal.com\\\/es\\\/#organization\",\"name\":\"Adec Global\",\"url\":\"https:\\\/\\\/adecglobal.com\\\/es\\\/\",\"logo\":{\"@type\":\"ImageObject\",\"inLanguage\":\"es\",\"@id\":\"https:\\\/\\\/adecglobal.com\\\/es\\\/#\\\/schema\\\/logo\\\/image\\\/\",\"url\":\"https:\\\/\\\/adecglobal.com\\\/wp-content\\\/uploads\\\/2021\\\/04\\\/adec-global-logo.webp\",\"contentUrl\":\"https:\\\/\\\/adecglobal.com\\\/wp-content\\\/uploads\\\/2021\\\/04\\\/adec-global-logo.webp\",\"width\":659,\"height\":141,\"caption\":\"Adec Global\"},\"image\":{\"@id\":\"https:\\\/\\\/adecglobal.com\\\/es\\\/#\\\/schema\\\/logo\\\/image\\\/\"}},{\"@type\":\"Person\",\"@id\":\"https:\\\/\\\/adecglobal.com\\\/es\\\/#\\\/schema\\\/person\\\/f1ecf1183bafeed5e189508b51709e7d\",\"name\":\"admin\",\"image\":{\"@type\":\"ImageObject\",\"inLanguage\":\"es\",\"@id\":\"https:\\\/\\\/secure.gravatar.com\\\/avatar\\\/2c13691c959731c7a5bf693a554cbed3d1402fa36a35babe08d09907ecebc6c3?s=96&d=mm&r=g\",\"url\":\"https:\\\/\\\/secure.gravatar.com\\\/avatar\\\/2c13691c959731c7a5bf693a554cbed3d1402fa36a35babe08d09907ecebc6c3?s=96&d=mm&r=g\",\"contentUrl\":\"https:\\\/\\\/secure.gravatar.com\\\/avatar\\\/2c13691c959731c7a5bf693a554cbed3d1402fa36a35babe08d09907ecebc6c3?s=96&d=mm&r=g\",\"caption\":\"admin\"},\"sameAs\":[\"https:\\\/\\\/adecglobal.com\"]}]}<\/script>\n<!-- \/ Yoast SEO Premium plugin. -->","yoast_head_json":{"title":"Entrevista de la Vanguardia en F\u00e9lix Pedroso, director general de Adec Global - Adec Global","robots":{"index":"index","follow":"follow","max-snippet":"max-snippet:-1","max-image-preview":"max-image-preview:large","max-video-preview":"max-video-preview:-1"},"canonical":"https:\/\/adecglobal.com\/es\/entrevista-de-la-vanguardia-en-felix-pedroso-director-general-de-adec-global\/","og_locale":"es_ES","og_type":"article","og_title":"Entrevista de la Vanguardia en F\u00e9lix Pedroso, director general de Adec Global","og_description":"Nos posicionamos a un nivel de calidad igual o superior al del mejor \u00e1rido gran\u00edtico procedente de cualquier cantera espa\u00f1ola ADEC GLOBAL cuenta con una trayectoria de cinco a\u00f1os en el mercado y su actividad est\u00e1 centrada en la gesti\u00f3n y valorizaci\u00f3n de escorias sider\u00fargicas y de la construcci\u00f3n por su posterior elaboraci\u00f3n de \u00e1ridos [&hellip;]","og_url":"https:\/\/adecglobal.com\/es\/entrevista-de-la-vanguardia-en-felix-pedroso-director-general-de-adec-global\/","og_site_name":"Adec Global","article_published_time":"2015-05-21T08:30:36+00:00","og_image":[{"width":850,"height":450,"url":"https:\/\/adecglobal.com\/wp-content\/uploads\/2015\/05\/empresa-contacte-850x450-1.jpg","type":"image\/jpeg"}],"author":"admin","twitter_card":"summary_large_image","twitter_misc":{"Escrito por":"admin","Tiempo de lectura":"3 minutos"},"schema":{"@context":"https:\/\/schema.org","@graph":[{"@type":"Article","@id":"https:\/\/adecglobal.com\/es\/entrevista-de-la-vanguardia-en-felix-pedroso-director-general-de-adec-global\/#article","isPartOf":{"@id":"https:\/\/adecglobal.com\/es\/entrevista-de-la-vanguardia-en-felix-pedroso-director-general-de-adec-global\/"},"author":{"name":"admin","@id":"https:\/\/adecglobal.com\/es\/#\/schema\/person\/f1ecf1183bafeed5e189508b51709e7d"},"headline":"Entrevista de la Vanguardia en F\u00e9lix Pedroso, director general de Adec Global","datePublished":"2015-05-21T08:30:36+00:00","mainEntityOfPage":{"@id":"https:\/\/adecglobal.com\/es\/entrevista-de-la-vanguardia-en-felix-pedroso-director-general-de-adec-global\/"},"wordCount":611,"commentCount":0,"publisher":{"@id":"https:\/\/adecglobal.com\/es\/#organization"},"image":{"@id":"https:\/\/adecglobal.com\/es\/entrevista-de-la-vanguardia-en-felix-pedroso-director-general-de-adec-global\/#primaryimage"},"thumbnailUrl":"https:\/\/adecglobal.com\/wp-content\/uploads\/2015\/05\/empresa-contacte-850x450-1.jpg","articleSection":["Obra Civil"],"inLanguage":"es","potentialAction":[{"@type":"CommentAction","name":"Comment","target":["https:\/\/adecglobal.com\/es\/entrevista-de-la-vanguardia-en-felix-pedroso-director-general-de-adec-global\/#respond"]}]},{"@type":"WebPage","@id":"https:\/\/adecglobal.com\/es\/entrevista-de-la-vanguardia-en-felix-pedroso-director-general-de-adec-global\/","url":"https:\/\/adecglobal.com\/es\/entrevista-de-la-vanguardia-en-felix-pedroso-director-general-de-adec-global\/","name":"Entrevista de la Vanguardia en F\u00e9lix Pedroso, director general de Adec Global - Adec Global","isPartOf":{"@id":"https:\/\/adecglobal.com\/es\/#website"},"primaryImageOfPage":{"@id":"https:\/\/adecglobal.com\/es\/entrevista-de-la-vanguardia-en-felix-pedroso-director-general-de-adec-global\/#primaryimage"},"image":{"@id":"https:\/\/adecglobal.com\/es\/entrevista-de-la-vanguardia-en-felix-pedroso-director-general-de-adec-global\/#primaryimage"},"thumbnailUrl":"https:\/\/adecglobal.com\/wp-content\/uploads\/2015\/05\/empresa-contacte-850x450-1.jpg","datePublished":"2015-05-21T08:30:36+00:00","breadcrumb":{"@id":"https:\/\/adecglobal.com\/es\/entrevista-de-la-vanguardia-en-felix-pedroso-director-general-de-adec-global\/#breadcrumb"},"inLanguage":"es","potentialAction":[{"@type":"ReadAction","target":["https:\/\/adecglobal.com\/es\/entrevista-de-la-vanguardia-en-felix-pedroso-director-general-de-adec-global\/"]}]},{"@type":"ImageObject","inLanguage":"es","@id":"https:\/\/adecglobal.com\/es\/entrevista-de-la-vanguardia-en-felix-pedroso-director-general-de-adec-global\/#primaryimage","url":"https:\/\/adecglobal.com\/wp-content\/uploads\/2015\/05\/empresa-contacte-850x450-1.jpg","contentUrl":"https:\/\/adecglobal.com\/wp-content\/uploads\/2015\/05\/empresa-contacte-850x450-1.jpg","width":850,"height":450},{"@type":"BreadcrumbList","@id":"https:\/\/adecglobal.com\/es\/entrevista-de-la-vanguardia-en-felix-pedroso-director-general-de-adec-global\/#breadcrumb","itemListElement":[{"@type":"ListItem","position":1,"name":"Home","item":"https:\/\/adecglobal.com\/es\/hombre\/"},{"@type":"ListItem","position":2,"name":"Entrevista de la Vanguardia en F\u00e9lix Pedroso, director general de Adec Global"}]},{"@type":"WebSite","@id":"https:\/\/adecglobal.com\/es\/#website","url":"https:\/\/adecglobal.com\/es\/","name":"Adec Global","description":"Convertim residus industrials en \u00e0rids sider\u00fargics","publisher":{"@id":"https:\/\/adecglobal.com\/es\/#organization"},"potentialAction":[{"@type":"SearchAction","target":{"@type":"EntryPoint","urlTemplate":"https:\/\/adecglobal.com\/es\/?s={search_term_string}"},"query-input":{"@type":"PropertyValueSpecification","valueRequired":true,"valueName":"search_term_string"}}],"inLanguage":"es"},{"@type":"Organization","@id":"https:\/\/adecglobal.com\/es\/#organization","name":"Adec Global","url":"https:\/\/adecglobal.com\/es\/","logo":{"@type":"ImageObject","inLanguage":"es","@id":"https:\/\/adecglobal.com\/es\/#\/schema\/logo\/image\/","url":"https:\/\/adecglobal.com\/wp-content\/uploads\/2021\/04\/adec-global-logo.webp","contentUrl":"https:\/\/adecglobal.com\/wp-content\/uploads\/2021\/04\/adec-global-logo.webp","width":659,"height":141,"caption":"Adec Global"},"image":{"@id":"https:\/\/adecglobal.com\/es\/#\/schema\/logo\/image\/"}},{"@type":"Person","@id":"https:\/\/adecglobal.com\/es\/#\/schema\/person\/f1ecf1183bafeed5e189508b51709e7d","name":"admin","image":{"@type":"ImageObject","inLanguage":"es","@id":"https:\/\/secure.gravatar.com\/avatar\/2c13691c959731c7a5bf693a554cbed3d1402fa36a35babe08d09907ecebc6c3?s=96&d=mm&r=g","url":"https:\/\/secure.gravatar.com\/avatar\/2c13691c959731c7a5bf693a554cbed3d1402fa36a35babe08d09907ecebc6c3?s=96&d=mm&r=g","contentUrl":"https:\/\/secure.gravatar.com\/avatar\/2c13691c959731c7a5bf693a554cbed3d1402fa36a35babe08d09907ecebc6c3?s=96&d=mm&r=g","caption":"admin"},"sameAs":["https:\/\/adecglobal.com"]}]}},"_links":{"self":[{"href":"https:\/\/adecglobal.com\/es\/wp-json\/wp\/v2\/posts\/4833","targetHints":{"allow":["GET"]}}],"collection":[{"href":"https:\/\/adecglobal.com\/es\/wp-json\/wp\/v2\/posts"}],"about":[{"href":"https:\/\/adecglobal.com\/es\/wp-json\/wp\/v2\/types\/post"}],"author":[{"embeddable":true,"href":"https:\/\/adecglobal.com\/es\/wp-json\/wp\/v2\/users\/1"}],"replies":[{"embeddable":true,"href":"https:\/\/adecglobal.com\/es\/wp-json\/wp\/v2\/comments?post=4833"}],"version-history":[{"count":0,"href":"https:\/\/adecglobal.com\/es\/wp-json\/wp\/v2\/posts\/4833\/revisions"}],"wp:featuredmedia":[{"embeddable":true,"href":"https:\/\/adecglobal.com\/es\/wp-json\/wp\/v2\/media\/1748"}],"wp:attachment":[{"href":"https:\/\/adecglobal.com\/es\/wp-json\/wp\/v2\/media?parent=4833"}],"wp:term":[{"taxonomy":"category","embeddable":true,"href":"https:\/\/adecglobal.com\/es\/wp-json\/wp\/v2\/categories?post=4833"},{"taxonomy":"post_tag","embeddable":true,"href":"https:\/\/adecglobal.com\/es\/wp-json\/wp\/v2\/tags?post=4833"}],"curies":[{"name":"wp","href":"https:\/\/api.w.org\/{rel}","templated":true}]}}