{"id":4835,"date":"2012-06-12T08:30:22","date_gmt":"2012-06-12T06:30:22","guid":{"rendered":"https:\/\/adecglobal.com\/adec-global-participa-en-la-construccion-de-la-urbanizacion-lago-de-linya\/"},"modified":"2024-11-03T13:30:37","modified_gmt":"2024-11-03T12:30:37","slug":"adec-global-participa-en-la-construccion-de-la-urbanizacion-lago-de-linya","status":"publish","type":"post","link":"https:\/\/adecglobal.com\/es\/adec-global-participa-en-la-construccion-de-la-urbanizacion-lago-de-linya\/","title":{"rendered":"Adec Global participa en la construcci\u00f3n de la urbanizaci\u00f3n Lago de Linya"},"content":{"rendered":"<p>La promotora del complejo tur\u00edstico m\u00e1s ecosostenible de Europa apuesta por la utilizaci\u00f3n de \u00e1ridos sider\u00fargicos en su construcci\u00f3n. Llac de Linya SL, la promotora del complejo tur\u00edstico Llac de Linya, ha escogido los materiales ecosostenibles de Adec Global, procedentes de la valorizaci\u00f3n de las escorias sider\u00fargicas, para la construcci\u00f3n de esta nueva urbanizaci\u00f3n situada en el municipio de Nav\u00e8s (Lleida) . Los \u00e1ridos sider\u00fargicos artificiales que produce Adec Global se utilizan como materia prima en la pavimentaci\u00f3n y en la fabricaci\u00f3n de adoquines por las aceras de las calles de Llac de Linya. Las capas granulares para enterrar las tuber\u00edas del complejo tambi\u00e9n proceden de los \u00e1ridos valorizados, de modo que en su conjunto se calcula que el 80% de la zona se est\u00e1 construyendo con materiales reciclados. \u00abActualmente, no hay ninguna obra de urbanizaci\u00f3n que emplee un porcentaje tan alto de \u00e1ridos sider\u00fargicos. Estos materiales son m\u00e1s econ\u00f3micos, respetuosos con el medio ambiente y tienen la misma calidad, o m\u00e1s, que los naturales\u00bb, seg\u00fan Fernando Hern\u00e1ndez , presidente de Adec Global. Cuando finalice la obra, a cargo de la constructora Building Factory, el pueblo se convertir\u00e1 en <strong>el m\u00e1s ecol\u00f3gico y sostenible de Europa<\/strong> , gracias al uso de materiales reciclados, al suministro de agua caliente y calefacci\u00f3n mediante una caldera de biomasa , y al uso <em>de energ\u00eda solar fotovoltaica y leds<\/em> , que permitir\u00e1n un gran ahorro energ\u00e9tico en el alumbrado. El Llac de Linya tendr\u00e1 unas 20 hect\u00e1reas y contar\u00e1 con un hotel de 5 estrellas con 25 habitaciones, 30 bungalows, un \u00e1rea comercial, una zona deportiva, 50 viviendas para alquilar o comprar, un centro de salud, un restaurante y un jard\u00edn bot\u00e1nico. El objetivo de esta iniciativa es atraer a parte del mill\u00f3n de familias del norte de Europa que se prev\u00e9 que comprar\u00e1n una vivienda en el sur del continente en los pr\u00f3ximos a\u00f1os.<\/p>\n","protected":false},"excerpt":{"rendered":"<p>La promotora del complejo tur\u00edstico m\u00e1s ecosostenible de Europa apuesta por la utilizaci\u00f3n de \u00e1ridos sider\u00fargicos en su construcci\u00f3n. Llac de Linya SL, la promotora del complejo tur\u00edstico Llac de Linya, ha escogido los materiales ecosostenibles de Adec Global, procedentes de la valorizaci\u00f3n de las escorias sider\u00fargicas, para la construcci\u00f3n de esta nueva urbanizaci\u00f3n situada [&hellip;]<\/p>\n","protected":false},"author":1,"featured_media":1746,"comment_status":"open","ping_status":"closed","sticky":false,"template":"","format":"standard","meta":{"footnotes":""},"categories":[50],"tags":[],"class_list":["post-4835","post","type-post","status-publish","format-standard","has-post-thumbnail","hentry","category-obra-civil-es"],"yoast_head":"<!-- This site is optimized with the Yoast SEO Premium plugin v27.3 (Yoast SEO v27.3) - https:\/\/yoast.com\/product\/yoast-seo-premium-wordpress\/ -->\n<title>Adec Global participa en la construcci\u00f3n de la urbanizaci\u00f3n Lago de Linya - Adec Global<\/title>\n<meta name=\"robots\" content=\"index, follow, max-snippet:-1, max-image-preview:large, max-video-preview:-1\" \/>\n<link rel=\"canonical\" href=\"https:\/\/adecglobal.com\/es\/adec-global-participa-en-la-construccion-de-la-urbanizacion-lago-de-linya\/\" \/>\n<meta property=\"og:locale\" content=\"es_ES\" \/>\n<meta property=\"og:type\" content=\"article\" \/>\n<meta property=\"og:title\" content=\"Adec Global participa en la construcci\u00f3n de la urbanizaci\u00f3n Lago de Linya\" \/>\n<meta property=\"og:description\" content=\"La promotora del complejo tur\u00edstico m\u00e1s ecosostenible de Europa apuesta por la utilizaci\u00f3n de \u00e1ridos sider\u00fargicos en su construcci\u00f3n. Llac de Linya SL, la promotora del complejo tur\u00edstico Llac de Linya, ha escogido los materiales ecosostenibles de Adec Global, procedentes de la valorizaci\u00f3n de las escorias sider\u00fargicas, para la construcci\u00f3n de esta nueva urbanizaci\u00f3n situada [&hellip;]\" \/>\n<meta property=\"og:url\" content=\"https:\/\/adecglobal.com\/es\/adec-global-participa-en-la-construccion-de-la-urbanizacion-lago-de-linya\/\" \/>\n<meta property=\"og:site_name\" content=\"Adec Global\" \/>\n<meta property=\"article:published_time\" content=\"2012-06-12T06:30:22+00:00\" \/>\n<meta property=\"article:modified_time\" content=\"2024-11-03T12:30:37+00:00\" \/>\n<meta property=\"og:image\" content=\"https:\/\/adecglobal.com\/wp-content\/uploads\/2012\/06\/4.jpg\" \/>\n\t<meta property=\"og:image:width\" content=\"850\" \/>\n\t<meta property=\"og:image:height\" content=\"221\" \/>\n\t<meta property=\"og:image:type\" content=\"image\/jpeg\" \/>\n<meta name=\"author\" content=\"admin\" \/>\n<meta name=\"twitter:card\" content=\"summary_large_image\" \/>\n<meta name=\"twitter:label1\" content=\"Escrito por\" \/>\n\t<meta name=\"twitter:data1\" content=\"admin\" \/>\n\t<meta name=\"twitter:label2\" content=\"Tiempo de lectura\" \/>\n\t<meta name=\"twitter:data2\" content=\"2 minutos\" \/>\n<script type=\"application\/ld+json\" class=\"yoast-schema-graph\">{\"@context\":\"https:\\\/\\\/schema.org\",\"@graph\":[{\"@type\":\"Article\",\"@id\":\"https:\\\/\\\/adecglobal.com\\\/es\\\/adec-global-participa-en-la-construccion-de-la-urbanizacion-lago-de-linya\\\/#article\",\"isPartOf\":{\"@id\":\"https:\\\/\\\/adecglobal.com\\\/es\\\/adec-global-participa-en-la-construccion-de-la-urbanizacion-lago-de-linya\\\/\"},\"author\":{\"name\":\"admin\",\"@id\":\"https:\\\/\\\/adecglobal.com\\\/es\\\/#\\\/schema\\\/person\\\/f1ecf1183bafeed5e189508b51709e7d\"},\"headline\":\"Adec Global participa en la construcci\u00f3n de la urbanizaci\u00f3n Lago de Linya\",\"datePublished\":\"2012-06-12T06:30:22+00:00\",\"dateModified\":\"2024-11-03T12:30:37+00:00\",\"mainEntityOfPage\":{\"@id\":\"https:\\\/\\\/adecglobal.com\\\/es\\\/adec-global-participa-en-la-construccion-de-la-urbanizacion-lago-de-linya\\\/\"},\"wordCount\":350,\"commentCount\":0,\"publisher\":{\"@id\":\"https:\\\/\\\/adecglobal.com\\\/es\\\/#organization\"},\"image\":{\"@id\":\"https:\\\/\\\/adecglobal.com\\\/es\\\/adec-global-participa-en-la-construccion-de-la-urbanizacion-lago-de-linya\\\/#primaryimage\"},\"thumbnailUrl\":\"https:\\\/\\\/adecglobal.com\\\/wp-content\\\/uploads\\\/2012\\\/06\\\/4.jpg\",\"articleSection\":[\"Obra Civil\"],\"inLanguage\":\"es\",\"potentialAction\":[{\"@type\":\"CommentAction\",\"name\":\"Comment\",\"target\":[\"https:\\\/\\\/adecglobal.com\\\/es\\\/adec-global-participa-en-la-construccion-de-la-urbanizacion-lago-de-linya\\\/#respond\"]}]},{\"@type\":\"WebPage\",\"@id\":\"https:\\\/\\\/adecglobal.com\\\/es\\\/adec-global-participa-en-la-construccion-de-la-urbanizacion-lago-de-linya\\\/\",\"url\":\"https:\\\/\\\/adecglobal.com\\\/es\\\/adec-global-participa-en-la-construccion-de-la-urbanizacion-lago-de-linya\\\/\",\"name\":\"Adec Global participa en la construcci\u00f3n de la urbanizaci\u00f3n Lago de Linya - Adec Global\",\"isPartOf\":{\"@id\":\"https:\\\/\\\/adecglobal.com\\\/es\\\/#website\"},\"primaryImageOfPage\":{\"@id\":\"https:\\\/\\\/adecglobal.com\\\/es\\\/adec-global-participa-en-la-construccion-de-la-urbanizacion-lago-de-linya\\\/#primaryimage\"},\"image\":{\"@id\":\"https:\\\/\\\/adecglobal.com\\\/es\\\/adec-global-participa-en-la-construccion-de-la-urbanizacion-lago-de-linya\\\/#primaryimage\"},\"thumbnailUrl\":\"https:\\\/\\\/adecglobal.com\\\/wp-content\\\/uploads\\\/2012\\\/06\\\/4.jpg\",\"datePublished\":\"2012-06-12T06:30:22+00:00\",\"dateModified\":\"2024-11-03T12:30:37+00:00\",\"breadcrumb\":{\"@id\":\"https:\\\/\\\/adecglobal.com\\\/es\\\/adec-global-participa-en-la-construccion-de-la-urbanizacion-lago-de-linya\\\/#breadcrumb\"},\"inLanguage\":\"es\",\"potentialAction\":[{\"@type\":\"ReadAction\",\"target\":[\"https:\\\/\\\/adecglobal.com\\\/es\\\/adec-global-participa-en-la-construccion-de-la-urbanizacion-lago-de-linya\\\/\"]}]},{\"@type\":\"ImageObject\",\"inLanguage\":\"es\",\"@id\":\"https:\\\/\\\/adecglobal.com\\\/es\\\/adec-global-participa-en-la-construccion-de-la-urbanizacion-lago-de-linya\\\/#primaryimage\",\"url\":\"https:\\\/\\\/adecglobal.com\\\/wp-content\\\/uploads\\\/2012\\\/06\\\/4.jpg\",\"contentUrl\":\"https:\\\/\\\/adecglobal.com\\\/wp-content\\\/uploads\\\/2012\\\/06\\\/4.jpg\",\"width\":850,\"height\":221},{\"@type\":\"BreadcrumbList\",\"@id\":\"https:\\\/\\\/adecglobal.com\\\/es\\\/adec-global-participa-en-la-construccion-de-la-urbanizacion-lago-de-linya\\\/#breadcrumb\",\"itemListElement\":[{\"@type\":\"ListItem\",\"position\":1,\"name\":\"Home\",\"item\":\"https:\\\/\\\/adecglobal.com\\\/es\\\/hombre\\\/\"},{\"@type\":\"ListItem\",\"position\":2,\"name\":\"Adec Global participa en la construcci\u00f3n de la urbanizaci\u00f3n Lago de Linya\"}]},{\"@type\":\"WebSite\",\"@id\":\"https:\\\/\\\/adecglobal.com\\\/es\\\/#website\",\"url\":\"https:\\\/\\\/adecglobal.com\\\/es\\\/\",\"name\":\"Adec Global\",\"description\":\"Convertim residus industrials en \u00e0rids sider\u00fargics\",\"publisher\":{\"@id\":\"https:\\\/\\\/adecglobal.com\\\/es\\\/#organization\"},\"potentialAction\":[{\"@type\":\"SearchAction\",\"target\":{\"@type\":\"EntryPoint\",\"urlTemplate\":\"https:\\\/\\\/adecglobal.com\\\/es\\\/?s={search_term_string}\"},\"query-input\":{\"@type\":\"PropertyValueSpecification\",\"valueRequired\":true,\"valueName\":\"search_term_string\"}}],\"inLanguage\":\"es\"},{\"@type\":\"Organization\",\"@id\":\"https:\\\/\\\/adecglobal.com\\\/es\\\/#organization\",\"name\":\"Adec Global\",\"url\":\"https:\\\/\\\/adecglobal.com\\\/es\\\/\",\"logo\":{\"@type\":\"ImageObject\",\"inLanguage\":\"es\",\"@id\":\"https:\\\/\\\/adecglobal.com\\\/es\\\/#\\\/schema\\\/logo\\\/image\\\/\",\"url\":\"https:\\\/\\\/adecglobal.com\\\/wp-content\\\/uploads\\\/2021\\\/04\\\/adec-global-logo.webp\",\"contentUrl\":\"https:\\\/\\\/adecglobal.com\\\/wp-content\\\/uploads\\\/2021\\\/04\\\/adec-global-logo.webp\",\"width\":659,\"height\":141,\"caption\":\"Adec Global\"},\"image\":{\"@id\":\"https:\\\/\\\/adecglobal.com\\\/es\\\/#\\\/schema\\\/logo\\\/image\\\/\"}},{\"@type\":\"Person\",\"@id\":\"https:\\\/\\\/adecglobal.com\\\/es\\\/#\\\/schema\\\/person\\\/f1ecf1183bafeed5e189508b51709e7d\",\"name\":\"admin\",\"image\":{\"@type\":\"ImageObject\",\"inLanguage\":\"es\",\"@id\":\"https:\\\/\\\/secure.gravatar.com\\\/avatar\\\/2c13691c959731c7a5bf693a554cbed3d1402fa36a35babe08d09907ecebc6c3?s=96&d=mm&r=g\",\"url\":\"https:\\\/\\\/secure.gravatar.com\\\/avatar\\\/2c13691c959731c7a5bf693a554cbed3d1402fa36a35babe08d09907ecebc6c3?s=96&d=mm&r=g\",\"contentUrl\":\"https:\\\/\\\/secure.gravatar.com\\\/avatar\\\/2c13691c959731c7a5bf693a554cbed3d1402fa36a35babe08d09907ecebc6c3?s=96&d=mm&r=g\",\"caption\":\"admin\"},\"sameAs\":[\"https:\\\/\\\/adecglobal.com\"]}]}<\/script>\n<!-- \/ Yoast SEO Premium plugin. -->","yoast_head_json":{"title":"Adec Global participa en la construcci\u00f3n de la urbanizaci\u00f3n Lago de Linya - Adec Global","robots":{"index":"index","follow":"follow","max-snippet":"max-snippet:-1","max-image-preview":"max-image-preview:large","max-video-preview":"max-video-preview:-1"},"canonical":"https:\/\/adecglobal.com\/es\/adec-global-participa-en-la-construccion-de-la-urbanizacion-lago-de-linya\/","og_locale":"es_ES","og_type":"article","og_title":"Adec Global participa en la construcci\u00f3n de la urbanizaci\u00f3n Lago de Linya","og_description":"La promotora del complejo tur\u00edstico m\u00e1s ecosostenible de Europa apuesta por la utilizaci\u00f3n de \u00e1ridos sider\u00fargicos en su construcci\u00f3n. Llac de Linya SL, la promotora del complejo tur\u00edstico Llac de Linya, ha escogido los materiales ecosostenibles de Adec Global, procedentes de la valorizaci\u00f3n de las escorias sider\u00fargicas, para la construcci\u00f3n de esta nueva urbanizaci\u00f3n situada [&hellip;]","og_url":"https:\/\/adecglobal.com\/es\/adec-global-participa-en-la-construccion-de-la-urbanizacion-lago-de-linya\/","og_site_name":"Adec Global","article_published_time":"2012-06-12T06:30:22+00:00","article_modified_time":"2024-11-03T12:30:37+00:00","og_image":[{"width":850,"height":221,"url":"https:\/\/adecglobal.com\/wp-content\/uploads\/2012\/06\/4.jpg","type":"image\/jpeg"}],"author":"admin","twitter_card":"summary_large_image","twitter_misc":{"Escrito por":"admin","Tiempo de lectura":"2 minutos"},"schema":{"@context":"https:\/\/schema.org","@graph":[{"@type":"Article","@id":"https:\/\/adecglobal.com\/es\/adec-global-participa-en-la-construccion-de-la-urbanizacion-lago-de-linya\/#article","isPartOf":{"@id":"https:\/\/adecglobal.com\/es\/adec-global-participa-en-la-construccion-de-la-urbanizacion-lago-de-linya\/"},"author":{"name":"admin","@id":"https:\/\/adecglobal.com\/es\/#\/schema\/person\/f1ecf1183bafeed5e189508b51709e7d"},"headline":"Adec Global participa en la construcci\u00f3n de la urbanizaci\u00f3n Lago de Linya","datePublished":"2012-06-12T06:30:22+00:00","dateModified":"2024-11-03T12:30:37+00:00","mainEntityOfPage":{"@id":"https:\/\/adecglobal.com\/es\/adec-global-participa-en-la-construccion-de-la-urbanizacion-lago-de-linya\/"},"wordCount":350,"commentCount":0,"publisher":{"@id":"https:\/\/adecglobal.com\/es\/#organization"},"image":{"@id":"https:\/\/adecglobal.com\/es\/adec-global-participa-en-la-construccion-de-la-urbanizacion-lago-de-linya\/#primaryimage"},"thumbnailUrl":"https:\/\/adecglobal.com\/wp-content\/uploads\/2012\/06\/4.jpg","articleSection":["Obra Civil"],"inLanguage":"es","potentialAction":[{"@type":"CommentAction","name":"Comment","target":["https:\/\/adecglobal.com\/es\/adec-global-participa-en-la-construccion-de-la-urbanizacion-lago-de-linya\/#respond"]}]},{"@type":"WebPage","@id":"https:\/\/adecglobal.com\/es\/adec-global-participa-en-la-construccion-de-la-urbanizacion-lago-de-linya\/","url":"https:\/\/adecglobal.com\/es\/adec-global-participa-en-la-construccion-de-la-urbanizacion-lago-de-linya\/","name":"Adec Global participa en la construcci\u00f3n de la urbanizaci\u00f3n Lago de Linya - Adec Global","isPartOf":{"@id":"https:\/\/adecglobal.com\/es\/#website"},"primaryImageOfPage":{"@id":"https:\/\/adecglobal.com\/es\/adec-global-participa-en-la-construccion-de-la-urbanizacion-lago-de-linya\/#primaryimage"},"image":{"@id":"https:\/\/adecglobal.com\/es\/adec-global-participa-en-la-construccion-de-la-urbanizacion-lago-de-linya\/#primaryimage"},"thumbnailUrl":"https:\/\/adecglobal.com\/wp-content\/uploads\/2012\/06\/4.jpg","datePublished":"2012-06-12T06:30:22+00:00","dateModified":"2024-11-03T12:30:37+00:00","breadcrumb":{"@id":"https:\/\/adecglobal.com\/es\/adec-global-participa-en-la-construccion-de-la-urbanizacion-lago-de-linya\/#breadcrumb"},"inLanguage":"es","potentialAction":[{"@type":"ReadAction","target":["https:\/\/adecglobal.com\/es\/adec-global-participa-en-la-construccion-de-la-urbanizacion-lago-de-linya\/"]}]},{"@type":"ImageObject","inLanguage":"es","@id":"https:\/\/adecglobal.com\/es\/adec-global-participa-en-la-construccion-de-la-urbanizacion-lago-de-linya\/#primaryimage","url":"https:\/\/adecglobal.com\/wp-content\/uploads\/2012\/06\/4.jpg","contentUrl":"https:\/\/adecglobal.com\/wp-content\/uploads\/2012\/06\/4.jpg","width":850,"height":221},{"@type":"BreadcrumbList","@id":"https:\/\/adecglobal.com\/es\/adec-global-participa-en-la-construccion-de-la-urbanizacion-lago-de-linya\/#breadcrumb","itemListElement":[{"@type":"ListItem","position":1,"name":"Home","item":"https:\/\/adecglobal.com\/es\/hombre\/"},{"@type":"ListItem","position":2,"name":"Adec Global participa en la construcci\u00f3n de la urbanizaci\u00f3n Lago de Linya"}]},{"@type":"WebSite","@id":"https:\/\/adecglobal.com\/es\/#website","url":"https:\/\/adecglobal.com\/es\/","name":"Adec Global","description":"Convertim residus industrials en \u00e0rids sider\u00fargics","publisher":{"@id":"https:\/\/adecglobal.com\/es\/#organization"},"potentialAction":[{"@type":"SearchAction","target":{"@type":"EntryPoint","urlTemplate":"https:\/\/adecglobal.com\/es\/?s={search_term_string}"},"query-input":{"@type":"PropertyValueSpecification","valueRequired":true,"valueName":"search_term_string"}}],"inLanguage":"es"},{"@type":"Organization","@id":"https:\/\/adecglobal.com\/es\/#organization","name":"Adec Global","url":"https:\/\/adecglobal.com\/es\/","logo":{"@type":"ImageObject","inLanguage":"es","@id":"https:\/\/adecglobal.com\/es\/#\/schema\/logo\/image\/","url":"https:\/\/adecglobal.com\/wp-content\/uploads\/2021\/04\/adec-global-logo.webp","contentUrl":"https:\/\/adecglobal.com\/wp-content\/uploads\/2021\/04\/adec-global-logo.webp","width":659,"height":141,"caption":"Adec Global"},"image":{"@id":"https:\/\/adecglobal.com\/es\/#\/schema\/logo\/image\/"}},{"@type":"Person","@id":"https:\/\/adecglobal.com\/es\/#\/schema\/person\/f1ecf1183bafeed5e189508b51709e7d","name":"admin","image":{"@type":"ImageObject","inLanguage":"es","@id":"https:\/\/secure.gravatar.com\/avatar\/2c13691c959731c7a5bf693a554cbed3d1402fa36a35babe08d09907ecebc6c3?s=96&d=mm&r=g","url":"https:\/\/secure.gravatar.com\/avatar\/2c13691c959731c7a5bf693a554cbed3d1402fa36a35babe08d09907ecebc6c3?s=96&d=mm&r=g","contentUrl":"https:\/\/secure.gravatar.com\/avatar\/2c13691c959731c7a5bf693a554cbed3d1402fa36a35babe08d09907ecebc6c3?s=96&d=mm&r=g","caption":"admin"},"sameAs":["https:\/\/adecglobal.com"]}]}},"_links":{"self":[{"href":"https:\/\/adecglobal.com\/es\/wp-json\/wp\/v2\/posts\/4835","targetHints":{"allow":["GET"]}}],"collection":[{"href":"https:\/\/adecglobal.com\/es\/wp-json\/wp\/v2\/posts"}],"about":[{"href":"https:\/\/adecglobal.com\/es\/wp-json\/wp\/v2\/types\/post"}],"author":[{"embeddable":true,"href":"https:\/\/adecglobal.com\/es\/wp-json\/wp\/v2\/users\/1"}],"replies":[{"embeddable":true,"href":"https:\/\/adecglobal.com\/es\/wp-json\/wp\/v2\/comments?post=4835"}],"version-history":[{"count":0,"href":"https:\/\/adecglobal.com\/es\/wp-json\/wp\/v2\/posts\/4835\/revisions"}],"wp:featuredmedia":[{"embeddable":true,"href":"https:\/\/adecglobal.com\/es\/wp-json\/wp\/v2\/media\/1746"}],"wp:attachment":[{"href":"https:\/\/adecglobal.com\/es\/wp-json\/wp\/v2\/media?parent=4835"}],"wp:term":[{"taxonomy":"category","embeddable":true,"href":"https:\/\/adecglobal.com\/es\/wp-json\/wp\/v2\/categories?post=4835"},{"taxonomy":"post_tag","embeddable":true,"href":"https:\/\/adecglobal.com\/es\/wp-json\/wp\/v2\/tags?post=4835"}],"curies":[{"name":"wp","href":"https:\/\/api.w.org\/{rel}","templated":true}]}}