{"id":4837,"date":"2011-10-22T08:30:06","date_gmt":"2011-10-22T06:30:06","guid":{"rendered":"https:\/\/adecglobal.com\/adec-global-promueve-el-uso-de-aridos-siderurgicos-en-municipalia\/"},"modified":"2011-10-22T08:30:06","modified_gmt":"2011-10-22T06:30:06","slug":"adec-global-promueve-el-uso-de-aridos-siderurgicos-en-municipalia","status":"publish","type":"post","link":"https:\/\/adecglobal.com\/es\/adec-global-promueve-el-uso-de-aridos-siderurgicos-en-municipalia\/","title":{"rendered":"Adec Global promueve el uso de \u00e1ridos sider\u00fargicos en Municipalia"},"content":{"rendered":"<p style=\"text-align: justify;\"><strong>Adec Global<\/strong> ha estado presente en la 16\u00aa edici\u00f3n de Municipalia, el sal\u00f3n internacional de equipamientos y servicios municipales que ha tenido lugar del 18 al 21 de octubre en el recinto Fira de Lleida.<\/p>\n<p style=\"text-align: justify;\">\u00c9sta ha sido la primera vez que la empresa de Vallirana, que centra su actividad en la producci\u00f3n de \u00e1ridos a partir de la valoraci\u00f3n de escorias sider\u00fargicas, acude a este certamen de car\u00e1cter bienal.<\/p>\n<p style=\"text-align: justify;\">El medio ambiente y la eficiencia energ\u00e9tica tuvieron un protagonismo especial, tanto en el \u00e1mbito de las empresas expositoras como en lo que se refiere a los contenidos de las jornadas t\u00e9cnicas que se desarrollaron en la muestra, en las que Adec Global tuvo un papel relevante como miembro adherido a la Red Compra Reciclat, que se present\u00f3 de forma conjunta con la Ag\u00e8ncia de Residus de Catalunya. El objetivo de esta iniciativa es dinamizar la compra de productos <em>reciclados, biodegradables y reciclables<\/em> . <\/p>\n<p style=\"text-align: justify;\">En este marco, Adec Global, que en julio cumpli\u00f3 su primer a\u00f1o de vida, atrajo el inter\u00e9s de empresarios y t\u00e9cnicos de la construcci\u00f3n de los sectores p\u00fablico y privado, por la novedad que supone la introducci\u00f3n de \u00e1ridos sider\u00fargicos en Catalu\u00f1a.<\/p>\n<p style=\"text-align: justify;\">Este tipo de \u00e1ridos artificiales son el producto resultante de un proceso de trituraci\u00f3n y cribado de las escorias sider\u00fargicas que se generan en los hornos de fundici\u00f3n. Una vez valorizados, los \u00e1ridos sider\u00fargicos son utilizados como materia prima en la fabricaci\u00f3n de hormigones, asfaltos, bases y subbases, entre otras aplicaciones. \u00abEstos productos todav\u00eda son poco conocidos en Catalu\u00f1a porque s\u00f3lo llevamos un a\u00f1o introduci\u00e9ndolos en el mercado, pero por su <em>gran calidad, bajo coste<\/em> y car\u00e1cter sostenible est\u00e1n despertando un creciente inter\u00e9s dentro del sector\u00bb, explic\u00f3 el Director General de Adec Global F\u00e9lix Pedroso en su ponencia \u201cNuevos productos de la Red Compra Reciclado\u201d.  <\/p>\n<p style=\"text-align: justify;\">Pedroso hace un balance positivo de Municipalia con matices: \u201cla valoraci\u00f3n de nuestra participaci\u00f3n ha sido muy positiva, a pesar de ser conscientes de la crisis del mercado y m\u00e1s concretamente la del sector de la construcci\u00f3n. Hemos percibido que las empresas, compradores y usuarios son cada d\u00eda m\u00e1s conscientes de que el camino para respetar el medio ambiente, sin perjuicio de la salud de las personas, es el reciclaje. Cada vez se realizan inversiones m\u00e1s cuantiosas y existe una mayor dedicaci\u00f3n empresarial al reciclaje de todos los productos y en todos los sectores productivos. En nuestro caso, hemos sido capaces de despertar el inter\u00e9s del sector de la construcci\u00f3n con una propuesta muy clara: sustituir los \u00e1ridos naturales que se extraen en las canteras por \u00e1ridos artificiales como los sider\u00fargicos, dadas las caracter\u00edsticas t\u00e9cnicas similares, y en ocasiones superiores, respecto a los materiales procedentes del medio natural\u201d.<\/p>\n","protected":false},"excerpt":{"rendered":"<p>Adec Global ha estado presente en la 16\u00aa edici\u00f3n de Municipalia, el sal\u00f3n internacional de equipamientos y servicios municipales que ha tenido lugar del 18 al 21 de octubre en el recinto Fira de Lleida. \u00c9sta ha sido la primera vez que la empresa de Vallirana, que centra su actividad en la producci\u00f3n de \u00e1ridos [&hellip;]<\/p>\n","protected":false},"author":1,"featured_media":1745,"comment_status":"open","ping_status":"closed","sticky":false,"template":"","format":"standard","meta":{"footnotes":""},"categories":[50],"tags":[],"class_list":["post-4837","post","type-post","status-publish","format-standard","has-post-thumbnail","hentry","category-obra-civil-es"],"yoast_head":"<!-- This site is optimized with the Yoast SEO Premium plugin v27.3 (Yoast SEO v27.3) - https:\/\/yoast.com\/product\/yoast-seo-premium-wordpress\/ -->\n<title>Adec Global promueve el uso de \u00e1ridos sider\u00fargicos en Municipalia - Adec Global<\/title>\n<meta name=\"robots\" content=\"index, follow, max-snippet:-1, max-image-preview:large, max-video-preview:-1\" \/>\n<link rel=\"canonical\" href=\"https:\/\/adecglobal.com\/es\/adec-global-promueve-el-uso-de-aridos-siderurgicos-en-municipalia\/\" \/>\n<meta property=\"og:locale\" content=\"es_ES\" \/>\n<meta property=\"og:type\" content=\"article\" \/>\n<meta property=\"og:title\" content=\"Adec Global promueve el uso de \u00e1ridos sider\u00fargicos en Municipalia\" \/>\n<meta property=\"og:description\" content=\"Adec Global ha estado presente en la 16\u00aa edici\u00f3n de Municipalia, el sal\u00f3n internacional de equipamientos y servicios municipales que ha tenido lugar del 18 al 21 de octubre en el recinto Fira de Lleida. \u00c9sta ha sido la primera vez que la empresa de Vallirana, que centra su actividad en la producci\u00f3n de \u00e1ridos [&hellip;]\" \/>\n<meta property=\"og:url\" content=\"https:\/\/adecglobal.com\/es\/adec-global-promueve-el-uso-de-aridos-siderurgicos-en-municipalia\/\" \/>\n<meta property=\"og:site_name\" content=\"Adec Global\" \/>\n<meta property=\"article:published_time\" content=\"2011-10-22T06:30:06+00:00\" \/>\n<meta property=\"og:image\" content=\"https:\/\/adecglobal.com\/wp-content\/uploads\/2011\/10\/3.jpg\" \/>\n\t<meta property=\"og:image:width\" content=\"850\" \/>\n\t<meta property=\"og:image:height\" content=\"221\" \/>\n\t<meta property=\"og:image:type\" content=\"image\/jpeg\" \/>\n<meta name=\"author\" content=\"admin\" \/>\n<meta name=\"twitter:card\" content=\"summary_large_image\" \/>\n<meta name=\"twitter:label1\" content=\"Escrito por\" \/>\n\t<meta name=\"twitter:data1\" content=\"admin\" \/>\n\t<meta name=\"twitter:label2\" content=\"Tiempo de lectura\" \/>\n\t<meta name=\"twitter:data2\" content=\"2 minutos\" \/>\n<script type=\"application\/ld+json\" class=\"yoast-schema-graph\">{\"@context\":\"https:\\\/\\\/schema.org\",\"@graph\":[{\"@type\":\"Article\",\"@id\":\"https:\\\/\\\/adecglobal.com\\\/es\\\/adec-global-promueve-el-uso-de-aridos-siderurgicos-en-municipalia\\\/#article\",\"isPartOf\":{\"@id\":\"https:\\\/\\\/adecglobal.com\\\/es\\\/adec-global-promueve-el-uso-de-aridos-siderurgicos-en-municipalia\\\/\"},\"author\":{\"name\":\"admin\",\"@id\":\"https:\\\/\\\/adecglobal.com\\\/es\\\/#\\\/schema\\\/person\\\/f1ecf1183bafeed5e189508b51709e7d\"},\"headline\":\"Adec Global promueve el uso de \u00e1ridos sider\u00fargicos en Municipalia\",\"datePublished\":\"2011-10-22T06:30:06+00:00\",\"mainEntityOfPage\":{\"@id\":\"https:\\\/\\\/adecglobal.com\\\/es\\\/adec-global-promueve-el-uso-de-aridos-siderurgicos-en-municipalia\\\/\"},\"wordCount\":500,\"commentCount\":0,\"publisher\":{\"@id\":\"https:\\\/\\\/adecglobal.com\\\/es\\\/#organization\"},\"image\":{\"@id\":\"https:\\\/\\\/adecglobal.com\\\/es\\\/adec-global-promueve-el-uso-de-aridos-siderurgicos-en-municipalia\\\/#primaryimage\"},\"thumbnailUrl\":\"https:\\\/\\\/adecglobal.com\\\/wp-content\\\/uploads\\\/2011\\\/10\\\/3.jpg\",\"articleSection\":[\"Obra Civil\"],\"inLanguage\":\"es\",\"potentialAction\":[{\"@type\":\"CommentAction\",\"name\":\"Comment\",\"target\":[\"https:\\\/\\\/adecglobal.com\\\/es\\\/adec-global-promueve-el-uso-de-aridos-siderurgicos-en-municipalia\\\/#respond\"]}]},{\"@type\":\"WebPage\",\"@id\":\"https:\\\/\\\/adecglobal.com\\\/es\\\/adec-global-promueve-el-uso-de-aridos-siderurgicos-en-municipalia\\\/\",\"url\":\"https:\\\/\\\/adecglobal.com\\\/es\\\/adec-global-promueve-el-uso-de-aridos-siderurgicos-en-municipalia\\\/\",\"name\":\"Adec Global promueve el uso de \u00e1ridos sider\u00fargicos en Municipalia - Adec Global\",\"isPartOf\":{\"@id\":\"https:\\\/\\\/adecglobal.com\\\/es\\\/#website\"},\"primaryImageOfPage\":{\"@id\":\"https:\\\/\\\/adecglobal.com\\\/es\\\/adec-global-promueve-el-uso-de-aridos-siderurgicos-en-municipalia\\\/#primaryimage\"},\"image\":{\"@id\":\"https:\\\/\\\/adecglobal.com\\\/es\\\/adec-global-promueve-el-uso-de-aridos-siderurgicos-en-municipalia\\\/#primaryimage\"},\"thumbnailUrl\":\"https:\\\/\\\/adecglobal.com\\\/wp-content\\\/uploads\\\/2011\\\/10\\\/3.jpg\",\"datePublished\":\"2011-10-22T06:30:06+00:00\",\"breadcrumb\":{\"@id\":\"https:\\\/\\\/adecglobal.com\\\/es\\\/adec-global-promueve-el-uso-de-aridos-siderurgicos-en-municipalia\\\/#breadcrumb\"},\"inLanguage\":\"es\",\"potentialAction\":[{\"@type\":\"ReadAction\",\"target\":[\"https:\\\/\\\/adecglobal.com\\\/es\\\/adec-global-promueve-el-uso-de-aridos-siderurgicos-en-municipalia\\\/\"]}]},{\"@type\":\"ImageObject\",\"inLanguage\":\"es\",\"@id\":\"https:\\\/\\\/adecglobal.com\\\/es\\\/adec-global-promueve-el-uso-de-aridos-siderurgicos-en-municipalia\\\/#primaryimage\",\"url\":\"https:\\\/\\\/adecglobal.com\\\/wp-content\\\/uploads\\\/2011\\\/10\\\/3.jpg\",\"contentUrl\":\"https:\\\/\\\/adecglobal.com\\\/wp-content\\\/uploads\\\/2011\\\/10\\\/3.jpg\",\"width\":850,\"height\":221},{\"@type\":\"BreadcrumbList\",\"@id\":\"https:\\\/\\\/adecglobal.com\\\/es\\\/adec-global-promueve-el-uso-de-aridos-siderurgicos-en-municipalia\\\/#breadcrumb\",\"itemListElement\":[{\"@type\":\"ListItem\",\"position\":1,\"name\":\"Home\",\"item\":\"https:\\\/\\\/adecglobal.com\\\/es\\\/hombre\\\/\"},{\"@type\":\"ListItem\",\"position\":2,\"name\":\"Adec Global promueve el uso de \u00e1ridos sider\u00fargicos en Municipalia\"}]},{\"@type\":\"WebSite\",\"@id\":\"https:\\\/\\\/adecglobal.com\\\/es\\\/#website\",\"url\":\"https:\\\/\\\/adecglobal.com\\\/es\\\/\",\"name\":\"Adec Global\",\"description\":\"Convertim residus industrials en \u00e0rids sider\u00fargics\",\"publisher\":{\"@id\":\"https:\\\/\\\/adecglobal.com\\\/es\\\/#organization\"},\"potentialAction\":[{\"@type\":\"SearchAction\",\"target\":{\"@type\":\"EntryPoint\",\"urlTemplate\":\"https:\\\/\\\/adecglobal.com\\\/es\\\/?s={search_term_string}\"},\"query-input\":{\"@type\":\"PropertyValueSpecification\",\"valueRequired\":true,\"valueName\":\"search_term_string\"}}],\"inLanguage\":\"es\"},{\"@type\":\"Organization\",\"@id\":\"https:\\\/\\\/adecglobal.com\\\/es\\\/#organization\",\"name\":\"Adec Global\",\"url\":\"https:\\\/\\\/adecglobal.com\\\/es\\\/\",\"logo\":{\"@type\":\"ImageObject\",\"inLanguage\":\"es\",\"@id\":\"https:\\\/\\\/adecglobal.com\\\/es\\\/#\\\/schema\\\/logo\\\/image\\\/\",\"url\":\"https:\\\/\\\/adecglobal.com\\\/wp-content\\\/uploads\\\/2021\\\/04\\\/adec-global-logo.webp\",\"contentUrl\":\"https:\\\/\\\/adecglobal.com\\\/wp-content\\\/uploads\\\/2021\\\/04\\\/adec-global-logo.webp\",\"width\":659,\"height\":141,\"caption\":\"Adec Global\"},\"image\":{\"@id\":\"https:\\\/\\\/adecglobal.com\\\/es\\\/#\\\/schema\\\/logo\\\/image\\\/\"}},{\"@type\":\"Person\",\"@id\":\"https:\\\/\\\/adecglobal.com\\\/es\\\/#\\\/schema\\\/person\\\/f1ecf1183bafeed5e189508b51709e7d\",\"name\":\"admin\",\"image\":{\"@type\":\"ImageObject\",\"inLanguage\":\"es\",\"@id\":\"https:\\\/\\\/secure.gravatar.com\\\/avatar\\\/2c13691c959731c7a5bf693a554cbed3d1402fa36a35babe08d09907ecebc6c3?s=96&d=mm&r=g\",\"url\":\"https:\\\/\\\/secure.gravatar.com\\\/avatar\\\/2c13691c959731c7a5bf693a554cbed3d1402fa36a35babe08d09907ecebc6c3?s=96&d=mm&r=g\",\"contentUrl\":\"https:\\\/\\\/secure.gravatar.com\\\/avatar\\\/2c13691c959731c7a5bf693a554cbed3d1402fa36a35babe08d09907ecebc6c3?s=96&d=mm&r=g\",\"caption\":\"admin\"},\"sameAs\":[\"https:\\\/\\\/adecglobal.com\"]}]}<\/script>\n<!-- \/ Yoast SEO Premium plugin. -->","yoast_head_json":{"title":"Adec Global promueve el uso de \u00e1ridos sider\u00fargicos en Municipalia - Adec Global","robots":{"index":"index","follow":"follow","max-snippet":"max-snippet:-1","max-image-preview":"max-image-preview:large","max-video-preview":"max-video-preview:-1"},"canonical":"https:\/\/adecglobal.com\/es\/adec-global-promueve-el-uso-de-aridos-siderurgicos-en-municipalia\/","og_locale":"es_ES","og_type":"article","og_title":"Adec Global promueve el uso de \u00e1ridos sider\u00fargicos en Municipalia","og_description":"Adec Global ha estado presente en la 16\u00aa edici\u00f3n de Municipalia, el sal\u00f3n internacional de equipamientos y servicios municipales que ha tenido lugar del 18 al 21 de octubre en el recinto Fira de Lleida. \u00c9sta ha sido la primera vez que la empresa de Vallirana, que centra su actividad en la producci\u00f3n de \u00e1ridos [&hellip;]","og_url":"https:\/\/adecglobal.com\/es\/adec-global-promueve-el-uso-de-aridos-siderurgicos-en-municipalia\/","og_site_name":"Adec Global","article_published_time":"2011-10-22T06:30:06+00:00","og_image":[{"width":850,"height":221,"url":"https:\/\/adecglobal.com\/wp-content\/uploads\/2011\/10\/3.jpg","type":"image\/jpeg"}],"author":"admin","twitter_card":"summary_large_image","twitter_misc":{"Escrito por":"admin","Tiempo de lectura":"2 minutos"},"schema":{"@context":"https:\/\/schema.org","@graph":[{"@type":"Article","@id":"https:\/\/adecglobal.com\/es\/adec-global-promueve-el-uso-de-aridos-siderurgicos-en-municipalia\/#article","isPartOf":{"@id":"https:\/\/adecglobal.com\/es\/adec-global-promueve-el-uso-de-aridos-siderurgicos-en-municipalia\/"},"author":{"name":"admin","@id":"https:\/\/adecglobal.com\/es\/#\/schema\/person\/f1ecf1183bafeed5e189508b51709e7d"},"headline":"Adec Global promueve el uso de \u00e1ridos sider\u00fargicos en Municipalia","datePublished":"2011-10-22T06:30:06+00:00","mainEntityOfPage":{"@id":"https:\/\/adecglobal.com\/es\/adec-global-promueve-el-uso-de-aridos-siderurgicos-en-municipalia\/"},"wordCount":500,"commentCount":0,"publisher":{"@id":"https:\/\/adecglobal.com\/es\/#organization"},"image":{"@id":"https:\/\/adecglobal.com\/es\/adec-global-promueve-el-uso-de-aridos-siderurgicos-en-municipalia\/#primaryimage"},"thumbnailUrl":"https:\/\/adecglobal.com\/wp-content\/uploads\/2011\/10\/3.jpg","articleSection":["Obra Civil"],"inLanguage":"es","potentialAction":[{"@type":"CommentAction","name":"Comment","target":["https:\/\/adecglobal.com\/es\/adec-global-promueve-el-uso-de-aridos-siderurgicos-en-municipalia\/#respond"]}]},{"@type":"WebPage","@id":"https:\/\/adecglobal.com\/es\/adec-global-promueve-el-uso-de-aridos-siderurgicos-en-municipalia\/","url":"https:\/\/adecglobal.com\/es\/adec-global-promueve-el-uso-de-aridos-siderurgicos-en-municipalia\/","name":"Adec Global promueve el uso de \u00e1ridos sider\u00fargicos en Municipalia - Adec Global","isPartOf":{"@id":"https:\/\/adecglobal.com\/es\/#website"},"primaryImageOfPage":{"@id":"https:\/\/adecglobal.com\/es\/adec-global-promueve-el-uso-de-aridos-siderurgicos-en-municipalia\/#primaryimage"},"image":{"@id":"https:\/\/adecglobal.com\/es\/adec-global-promueve-el-uso-de-aridos-siderurgicos-en-municipalia\/#primaryimage"},"thumbnailUrl":"https:\/\/adecglobal.com\/wp-content\/uploads\/2011\/10\/3.jpg","datePublished":"2011-10-22T06:30:06+00:00","breadcrumb":{"@id":"https:\/\/adecglobal.com\/es\/adec-global-promueve-el-uso-de-aridos-siderurgicos-en-municipalia\/#breadcrumb"},"inLanguage":"es","potentialAction":[{"@type":"ReadAction","target":["https:\/\/adecglobal.com\/es\/adec-global-promueve-el-uso-de-aridos-siderurgicos-en-municipalia\/"]}]},{"@type":"ImageObject","inLanguage":"es","@id":"https:\/\/adecglobal.com\/es\/adec-global-promueve-el-uso-de-aridos-siderurgicos-en-municipalia\/#primaryimage","url":"https:\/\/adecglobal.com\/wp-content\/uploads\/2011\/10\/3.jpg","contentUrl":"https:\/\/adecglobal.com\/wp-content\/uploads\/2011\/10\/3.jpg","width":850,"height":221},{"@type":"BreadcrumbList","@id":"https:\/\/adecglobal.com\/es\/adec-global-promueve-el-uso-de-aridos-siderurgicos-en-municipalia\/#breadcrumb","itemListElement":[{"@type":"ListItem","position":1,"name":"Home","item":"https:\/\/adecglobal.com\/es\/hombre\/"},{"@type":"ListItem","position":2,"name":"Adec Global promueve el uso de \u00e1ridos sider\u00fargicos en Municipalia"}]},{"@type":"WebSite","@id":"https:\/\/adecglobal.com\/es\/#website","url":"https:\/\/adecglobal.com\/es\/","name":"Adec Global","description":"Convertim residus industrials en \u00e0rids sider\u00fargics","publisher":{"@id":"https:\/\/adecglobal.com\/es\/#organization"},"potentialAction":[{"@type":"SearchAction","target":{"@type":"EntryPoint","urlTemplate":"https:\/\/adecglobal.com\/es\/?s={search_term_string}"},"query-input":{"@type":"PropertyValueSpecification","valueRequired":true,"valueName":"search_term_string"}}],"inLanguage":"es"},{"@type":"Organization","@id":"https:\/\/adecglobal.com\/es\/#organization","name":"Adec Global","url":"https:\/\/adecglobal.com\/es\/","logo":{"@type":"ImageObject","inLanguage":"es","@id":"https:\/\/adecglobal.com\/es\/#\/schema\/logo\/image\/","url":"https:\/\/adecglobal.com\/wp-content\/uploads\/2021\/04\/adec-global-logo.webp","contentUrl":"https:\/\/adecglobal.com\/wp-content\/uploads\/2021\/04\/adec-global-logo.webp","width":659,"height":141,"caption":"Adec Global"},"image":{"@id":"https:\/\/adecglobal.com\/es\/#\/schema\/logo\/image\/"}},{"@type":"Person","@id":"https:\/\/adecglobal.com\/es\/#\/schema\/person\/f1ecf1183bafeed5e189508b51709e7d","name":"admin","image":{"@type":"ImageObject","inLanguage":"es","@id":"https:\/\/secure.gravatar.com\/avatar\/2c13691c959731c7a5bf693a554cbed3d1402fa36a35babe08d09907ecebc6c3?s=96&d=mm&r=g","url":"https:\/\/secure.gravatar.com\/avatar\/2c13691c959731c7a5bf693a554cbed3d1402fa36a35babe08d09907ecebc6c3?s=96&d=mm&r=g","contentUrl":"https:\/\/secure.gravatar.com\/avatar\/2c13691c959731c7a5bf693a554cbed3d1402fa36a35babe08d09907ecebc6c3?s=96&d=mm&r=g","caption":"admin"},"sameAs":["https:\/\/adecglobal.com"]}]}},"_links":{"self":[{"href":"https:\/\/adecglobal.com\/es\/wp-json\/wp\/v2\/posts\/4837","targetHints":{"allow":["GET"]}}],"collection":[{"href":"https:\/\/adecglobal.com\/es\/wp-json\/wp\/v2\/posts"}],"about":[{"href":"https:\/\/adecglobal.com\/es\/wp-json\/wp\/v2\/types\/post"}],"author":[{"embeddable":true,"href":"https:\/\/adecglobal.com\/es\/wp-json\/wp\/v2\/users\/1"}],"replies":[{"embeddable":true,"href":"https:\/\/adecglobal.com\/es\/wp-json\/wp\/v2\/comments?post=4837"}],"version-history":[{"count":0,"href":"https:\/\/adecglobal.com\/es\/wp-json\/wp\/v2\/posts\/4837\/revisions"}],"wp:featuredmedia":[{"embeddable":true,"href":"https:\/\/adecglobal.com\/es\/wp-json\/wp\/v2\/media\/1745"}],"wp:attachment":[{"href":"https:\/\/adecglobal.com\/es\/wp-json\/wp\/v2\/media?parent=4837"}],"wp:term":[{"taxonomy":"category","embeddable":true,"href":"https:\/\/adecglobal.com\/es\/wp-json\/wp\/v2\/categories?post=4837"},{"taxonomy":"post_tag","embeddable":true,"href":"https:\/\/adecglobal.com\/es\/wp-json\/wp\/v2\/tags?post=4837"}],"curies":[{"name":"wp","href":"https:\/\/api.w.org\/{rel}","templated":true}]}}