{"id":4838,"date":"2010-07-16T08:30:13","date_gmt":"2010-07-16T06:30:13","guid":{"rendered":"https:\/\/adecglobal.com\/adec-global-inaugura-la-primera-planta-de-produccion-de-aridos-siderurgicos-de-cataluna\/"},"modified":"2010-07-16T08:30:13","modified_gmt":"2010-07-16T06:30:13","slug":"adec-global-inaugura-la-primera-planta-de-produccion-de-aridos-siderurgicos-de-cataluna","status":"publish","type":"post","link":"https:\/\/adecglobal.com\/es\/adec-global-inaugura-la-primera-planta-de-produccion-de-aridos-siderurgicos-de-cataluna\/","title":{"rendered":"ADEC GLOBAL inaugura la primera planta de producci\u00f3n de \u00e1ridos sider\u00fargicos de Catalu\u00f1a"},"content":{"rendered":"<p>La Directora General de Calidad Ambiental de la Generalidad de Catalu\u00f1a Maria <span class=\"hiddenSpellError\">Comellas<\/span> , el Alcalde de Vallirana Josep Alemany y el Concejal de Pol\u00edticas Territoriales del Ayuntamiento de Vallirana <span class=\"hiddenSpellError\">Teo<\/span> Gibert han inaugurado las instalaciones que <span class=\"hiddenSpellError\">Adec<\/span> Global ha puesto en funcionamiento hoy mismo en la localidad del Baix Llobregat (Barcelona). La inversi\u00f3n, liderada por la constructora <strong><span class=\"hiddenSpellError\">Adec<\/span> <span class=\"hiddenSpellError\">Building<\/span> <span class=\"hiddenSpellError\">Factory<\/span> , SA<\/strong> , con el 75% de las acciones de <span class=\"hiddenSpellError\">Adec<\/span> Global, asciende a seis millones de euros en concepto de infraestructuras y maquinaria. Las instalaciones, ubicadas en el Pol\u00edgono industrial Can Prunera de Vallirana, tienen una superficie de 13.000 <span class=\"hiddenSpellError\">m2<\/span> y han generado una veintena de puestos de trabajo. La misi\u00f3n de esta nueva empresa, pionera en Catalu\u00f1a, es la reconversi\u00f3n de los residuos que se generan en el proceso de fabricaci\u00f3n del acero en productos valorizados. Estos residuos, conocidos como escoria sider\u00fargica, son transportados desde los hornos de fundici\u00f3n de Celsa, en Castellbisbal, y tratados en la planta de <span class=\"hiddenSpellError\">Adec<\/span> Global para su posterior reutilizaci\u00f3n, cumpliendo todas las normativas en materia de seguridad medioambiental. Tras separar las escorias blancas (de composici\u00f3n blanda) y las negras (duras y similares a las rocas volc\u00e1nicas), varias m\u00e1quinas se encargan de triturarlas y cribarlas para obtener \u00e1ridos reciclados que se clasifican en funci\u00f3n de diferentes granulometr\u00edas. En el proceso, los elementos f\u00e9rricos se separan por efecto de un electroim\u00e1n y se vuelven a la industria sider\u00fargica para ser refundidos. De este modo, se consigue un producto de calidad similar o superior al obtenido del medio natural a trav\u00e9s de las canteras.<\/p>\n<p><strong>Apoyo institucional<\/strong><\/p>\n<p>La Directora General de Calidad Ambiental de la Generalidad de Catalu\u00f1a Maria <span class=\"hiddenSpellError\">Comellas<\/span> muestra su apoyo al proyecto afirmando que <span class=\"hiddenGrammarError\">\u201c<\/span> es una instalaci\u00f3n de futuro, ya que el futuro implica reutilizar cada vez m\u00e1s. La pol\u00edtica europea de residuos ha declarado la guerra a los vertederos y, dentro de unos a\u00f1os, ya no existir\u00e1n vertederos en ninguna parte porque todo se puede reciclar <span class=\"hiddenGrammarError\">\u201d<\/span> . Adem\u00e1s, <span class=\"hiddenSpellError\">Comellas<\/span> remarca que <span class=\"hiddenGrammarError\">\u201c<\/span> Vallirana ha sido hist\u00f3ricamente un municipio de canteras, pero que este material no se reposa. Con iniciativas como la de <span class=\"hiddenSpellError\">Adec<\/span> Global, adem\u00e1s de reutilizar los materiales, el tratamiento se realiza en un proceso limpio que no crea nuevos impactos en el medio ambiente <span class=\"hiddenGrammarError\">\u201d<\/span> . Los \u00e1ridos que se producen en <span class=\"hiddenSpellError\">Adec<\/span> Global se utilizan como <span class=\"hiddenGrammarError\">materia prima<\/span> para la producci\u00f3n <em>de asfaltos, bases, <span class=\"hiddenSpellError\">subbases<\/span> , hormigones y cementos<\/em> , entre <span class=\"hiddenGrammarError\">otras<\/span> aplicaciones para la obra civil. La capacidad m\u00e1xima de producci\u00f3n de \u00e1ridos sider\u00fargicos es de 360.000 toneladas por a\u00f1o. Si se tiene en cuenta la recuperaci\u00f3n de los escombros de los escombros, el volumen de producci\u00f3n asciende hasta las 520.000 toneladas por a\u00f1o, lo que convierte a <span class=\"hiddenSpellError\">Adec<\/span> Global en la segunda planta m\u00e1s grande de Catalu\u00f1a de \u00e1ridos reciclados.   <\/p>\n<p><strong>  Cuidado por el medio ambiente<\/strong><\/p>\n<p>El alcalde de Vallirana, Josep Alemany, afirma que <span class=\"hiddenGrammarError\">\u201c<\/span> esta planta llega en un momento econ\u00f3mico que consolida puestos de trabajo y, por tanto, asegura actividad econ\u00f3mica en el municipio, cuesti\u00f3n que es muy importante. Adem\u00e1s, utiliza una tecnolog\u00eda innovadora que no s\u00f3lo favorece la calidad de Vallirana sino en la de todo el pa\u00eds <span class=\"hiddenGrammarError\">\u201d<\/span> . Por su parte, <span class=\"hiddenSpellError\">Teo<\/span> Gibert, Concejal de Pol\u00edticas Territoriales del Ayuntamiento de Vallirana, destaca que <span class=\"hiddenGrammarError\">\u201c<\/span> estas instalaciones suponen un reto en unos momentos de recesi\u00f3n econ\u00f3mica y, adem\u00e1s, es muy positivo que una empresa se atreva a echar adelante iniciativas de este tipo. Tenemos la convicci\u00f3n de que se convertir\u00e1 en un referente por otras instalaciones que pueden hacerse en el pa\u00eds, encaminadas al reciclaje de todo tipo de materiales <span class=\"hiddenGrammarError\">\u201d<\/span> . La actividad de <span class=\"hiddenSpellError\">Adec<\/span> Global genera una serie de beneficios en cadena en t\u00e9rminos <strong>medioambientales<\/strong> , <span class=\"hiddenGrammarError\">\u201c<\/span> ya que evita la derivaci\u00f3n de escombros en los vertederos y la contaminaci\u00f3n de espacios naturales, reduce la extracci\u00f3n de \u00e1ridos naturales de las canteras, evita la deforestaci\u00f3n y logra un proceso de obtenci\u00f3n de materiales m\u00e1s limpio y menos agresivo. Adem\u00e1s de estas ventajas, los \u00e1ridos que producimos son de calidad igual o superior a los que se obtienen del medio natural, pero a un precio muy inferior <span class=\"hiddenGrammarError\">\u201d<\/span> , concluye <span class=\"hiddenSpellError\">F\u00e9lix<\/span> <span class=\"hiddenSpellError\">Pedroso<\/span> , Director General de <span class=\"hiddenSpellError\">Adec<\/span> Global. <\/p>\n","protected":false},"excerpt":{"rendered":"<p>La Directora General de Calidad Ambiental de la Generalidad de Catalu\u00f1a Maria Comellas , el Alcalde de Vallirana Josep Alemany y el Concejal de Pol\u00edticas Territoriales del Ayuntamiento de Vallirana Teo Gibert han inaugurado las instalaciones que Adec Global ha puesto en funcionamiento hoy mismo en la localidad del Baix Llobregat (Barcelona). La inversi\u00f3n, liderada [&hellip;]<\/p>\n","protected":false},"author":1,"featured_media":1744,"comment_status":"open","ping_status":"closed","sticky":false,"template":"","format":"standard","meta":{"footnotes":""},"categories":[50],"tags":[],"class_list":["post-4838","post","type-post","status-publish","format-standard","has-post-thumbnail","hentry","category-obra-civil-es"],"yoast_head":"<!-- This site is optimized with the Yoast SEO Premium plugin v27.3 (Yoast SEO v27.3) - https:\/\/yoast.com\/product\/yoast-seo-premium-wordpress\/ -->\n<title>ADEC GLOBAL inaugura la primera planta de producci\u00f3n de \u00e1ridos sider\u00fargicos de Catalu\u00f1a - Adec Global<\/title>\n<meta name=\"robots\" content=\"index, follow, max-snippet:-1, max-image-preview:large, max-video-preview:-1\" \/>\n<link rel=\"canonical\" href=\"https:\/\/adecglobal.com\/es\/adec-global-inaugura-la-primera-planta-de-produccion-de-aridos-siderurgicos-de-cataluna\/\" \/>\n<meta property=\"og:locale\" content=\"es_ES\" \/>\n<meta property=\"og:type\" content=\"article\" \/>\n<meta property=\"og:title\" content=\"ADEC GLOBAL inaugura la primera planta de producci\u00f3n de \u00e1ridos sider\u00fargicos de Catalu\u00f1a\" \/>\n<meta property=\"og:description\" content=\"La Directora General de Calidad Ambiental de la Generalidad de Catalu\u00f1a Maria Comellas , el Alcalde de Vallirana Josep Alemany y el Concejal de Pol\u00edticas Territoriales del Ayuntamiento de Vallirana Teo Gibert han inaugurado las instalaciones que Adec Global ha puesto en funcionamiento hoy mismo en la localidad del Baix Llobregat (Barcelona). La inversi\u00f3n, liderada [&hellip;]\" \/>\n<meta property=\"og:url\" content=\"https:\/\/adecglobal.com\/es\/adec-global-inaugura-la-primera-planta-de-produccion-de-aridos-siderurgicos-de-cataluna\/\" \/>\n<meta property=\"og:site_name\" content=\"Adec Global\" \/>\n<meta property=\"article:published_time\" content=\"2010-07-16T06:30:13+00:00\" \/>\n<meta property=\"og:image\" content=\"https:\/\/adecglobal.com\/wp-content\/uploads\/2010\/07\/2.jpg\" \/>\n\t<meta property=\"og:image:width\" content=\"850\" \/>\n\t<meta property=\"og:image:height\" content=\"221\" \/>\n\t<meta property=\"og:image:type\" content=\"image\/jpeg\" \/>\n<meta name=\"author\" content=\"admin\" \/>\n<meta name=\"twitter:card\" content=\"summary_large_image\" \/>\n<meta name=\"twitter:label1\" content=\"Escrito por\" \/>\n\t<meta name=\"twitter:data1\" content=\"admin\" \/>\n\t<meta name=\"twitter:label2\" content=\"Tiempo de lectura\" \/>\n\t<meta name=\"twitter:data2\" content=\"4 minutos\" \/>\n<script type=\"application\/ld+json\" class=\"yoast-schema-graph\">{\"@context\":\"https:\\\/\\\/schema.org\",\"@graph\":[{\"@type\":\"Article\",\"@id\":\"https:\\\/\\\/adecglobal.com\\\/es\\\/adec-global-inaugura-la-primera-planta-de-produccion-de-aridos-siderurgicos-de-cataluna\\\/#article\",\"isPartOf\":{\"@id\":\"https:\\\/\\\/adecglobal.com\\\/es\\\/adec-global-inaugura-la-primera-planta-de-produccion-de-aridos-siderurgicos-de-cataluna\\\/\"},\"author\":{\"name\":\"admin\",\"@id\":\"https:\\\/\\\/adecglobal.com\\\/es\\\/#\\\/schema\\\/person\\\/f1ecf1183bafeed5e189508b51709e7d\"},\"headline\":\"ADEC GLOBAL inaugura la primera planta de producci\u00f3n de \u00e1ridos sider\u00fargicos de Catalu\u00f1a\",\"datePublished\":\"2010-07-16T06:30:13+00:00\",\"mainEntityOfPage\":{\"@id\":\"https:\\\/\\\/adecglobal.com\\\/es\\\/adec-global-inaugura-la-primera-planta-de-produccion-de-aridos-siderurgicos-de-cataluna\\\/\"},\"wordCount\":749,\"commentCount\":0,\"publisher\":{\"@id\":\"https:\\\/\\\/adecglobal.com\\\/es\\\/#organization\"},\"image\":{\"@id\":\"https:\\\/\\\/adecglobal.com\\\/es\\\/adec-global-inaugura-la-primera-planta-de-produccion-de-aridos-siderurgicos-de-cataluna\\\/#primaryimage\"},\"thumbnailUrl\":\"https:\\\/\\\/adecglobal.com\\\/wp-content\\\/uploads\\\/2010\\\/07\\\/2.jpg\",\"articleSection\":[\"Obra Civil\"],\"inLanguage\":\"es\",\"potentialAction\":[{\"@type\":\"CommentAction\",\"name\":\"Comment\",\"target\":[\"https:\\\/\\\/adecglobal.com\\\/es\\\/adec-global-inaugura-la-primera-planta-de-produccion-de-aridos-siderurgicos-de-cataluna\\\/#respond\"]}]},{\"@type\":\"WebPage\",\"@id\":\"https:\\\/\\\/adecglobal.com\\\/es\\\/adec-global-inaugura-la-primera-planta-de-produccion-de-aridos-siderurgicos-de-cataluna\\\/\",\"url\":\"https:\\\/\\\/adecglobal.com\\\/es\\\/adec-global-inaugura-la-primera-planta-de-produccion-de-aridos-siderurgicos-de-cataluna\\\/\",\"name\":\"ADEC GLOBAL inaugura la primera planta de producci\u00f3n de \u00e1ridos sider\u00fargicos de Catalu\u00f1a - Adec Global\",\"isPartOf\":{\"@id\":\"https:\\\/\\\/adecglobal.com\\\/es\\\/#website\"},\"primaryImageOfPage\":{\"@id\":\"https:\\\/\\\/adecglobal.com\\\/es\\\/adec-global-inaugura-la-primera-planta-de-produccion-de-aridos-siderurgicos-de-cataluna\\\/#primaryimage\"},\"image\":{\"@id\":\"https:\\\/\\\/adecglobal.com\\\/es\\\/adec-global-inaugura-la-primera-planta-de-produccion-de-aridos-siderurgicos-de-cataluna\\\/#primaryimage\"},\"thumbnailUrl\":\"https:\\\/\\\/adecglobal.com\\\/wp-content\\\/uploads\\\/2010\\\/07\\\/2.jpg\",\"datePublished\":\"2010-07-16T06:30:13+00:00\",\"breadcrumb\":{\"@id\":\"https:\\\/\\\/adecglobal.com\\\/es\\\/adec-global-inaugura-la-primera-planta-de-produccion-de-aridos-siderurgicos-de-cataluna\\\/#breadcrumb\"},\"inLanguage\":\"es\",\"potentialAction\":[{\"@type\":\"ReadAction\",\"target\":[\"https:\\\/\\\/adecglobal.com\\\/es\\\/adec-global-inaugura-la-primera-planta-de-produccion-de-aridos-siderurgicos-de-cataluna\\\/\"]}]},{\"@type\":\"ImageObject\",\"inLanguage\":\"es\",\"@id\":\"https:\\\/\\\/adecglobal.com\\\/es\\\/adec-global-inaugura-la-primera-planta-de-produccion-de-aridos-siderurgicos-de-cataluna\\\/#primaryimage\",\"url\":\"https:\\\/\\\/adecglobal.com\\\/wp-content\\\/uploads\\\/2010\\\/07\\\/2.jpg\",\"contentUrl\":\"https:\\\/\\\/adecglobal.com\\\/wp-content\\\/uploads\\\/2010\\\/07\\\/2.jpg\",\"width\":850,\"height\":221},{\"@type\":\"BreadcrumbList\",\"@id\":\"https:\\\/\\\/adecglobal.com\\\/es\\\/adec-global-inaugura-la-primera-planta-de-produccion-de-aridos-siderurgicos-de-cataluna\\\/#breadcrumb\",\"itemListElement\":[{\"@type\":\"ListItem\",\"position\":1,\"name\":\"Home\",\"item\":\"https:\\\/\\\/adecglobal.com\\\/es\\\/hombre\\\/\"},{\"@type\":\"ListItem\",\"position\":2,\"name\":\"ADEC GLOBAL inaugura la primera planta de producci\u00f3n de \u00e1ridos sider\u00fargicos de Catalu\u00f1a\"}]},{\"@type\":\"WebSite\",\"@id\":\"https:\\\/\\\/adecglobal.com\\\/es\\\/#website\",\"url\":\"https:\\\/\\\/adecglobal.com\\\/es\\\/\",\"name\":\"Adec Global\",\"description\":\"Convertim residus industrials en \u00e0rids sider\u00fargics\",\"publisher\":{\"@id\":\"https:\\\/\\\/adecglobal.com\\\/es\\\/#organization\"},\"potentialAction\":[{\"@type\":\"SearchAction\",\"target\":{\"@type\":\"EntryPoint\",\"urlTemplate\":\"https:\\\/\\\/adecglobal.com\\\/es\\\/?s={search_term_string}\"},\"query-input\":{\"@type\":\"PropertyValueSpecification\",\"valueRequired\":true,\"valueName\":\"search_term_string\"}}],\"inLanguage\":\"es\"},{\"@type\":\"Organization\",\"@id\":\"https:\\\/\\\/adecglobal.com\\\/es\\\/#organization\",\"name\":\"Adec Global\",\"url\":\"https:\\\/\\\/adecglobal.com\\\/es\\\/\",\"logo\":{\"@type\":\"ImageObject\",\"inLanguage\":\"es\",\"@id\":\"https:\\\/\\\/adecglobal.com\\\/es\\\/#\\\/schema\\\/logo\\\/image\\\/\",\"url\":\"https:\\\/\\\/adecglobal.com\\\/wp-content\\\/uploads\\\/2021\\\/04\\\/adec-global-logo.webp\",\"contentUrl\":\"https:\\\/\\\/adecglobal.com\\\/wp-content\\\/uploads\\\/2021\\\/04\\\/adec-global-logo.webp\",\"width\":659,\"height\":141,\"caption\":\"Adec Global\"},\"image\":{\"@id\":\"https:\\\/\\\/adecglobal.com\\\/es\\\/#\\\/schema\\\/logo\\\/image\\\/\"}},{\"@type\":\"Person\",\"@id\":\"https:\\\/\\\/adecglobal.com\\\/es\\\/#\\\/schema\\\/person\\\/f1ecf1183bafeed5e189508b51709e7d\",\"name\":\"admin\",\"image\":{\"@type\":\"ImageObject\",\"inLanguage\":\"es\",\"@id\":\"https:\\\/\\\/secure.gravatar.com\\\/avatar\\\/2c13691c959731c7a5bf693a554cbed3d1402fa36a35babe08d09907ecebc6c3?s=96&d=mm&r=g\",\"url\":\"https:\\\/\\\/secure.gravatar.com\\\/avatar\\\/2c13691c959731c7a5bf693a554cbed3d1402fa36a35babe08d09907ecebc6c3?s=96&d=mm&r=g\",\"contentUrl\":\"https:\\\/\\\/secure.gravatar.com\\\/avatar\\\/2c13691c959731c7a5bf693a554cbed3d1402fa36a35babe08d09907ecebc6c3?s=96&d=mm&r=g\",\"caption\":\"admin\"},\"sameAs\":[\"https:\\\/\\\/adecglobal.com\"]}]}<\/script>\n<!-- \/ Yoast SEO Premium plugin. -->","yoast_head_json":{"title":"ADEC GLOBAL inaugura la primera planta de producci\u00f3n de \u00e1ridos sider\u00fargicos de Catalu\u00f1a - Adec Global","robots":{"index":"index","follow":"follow","max-snippet":"max-snippet:-1","max-image-preview":"max-image-preview:large","max-video-preview":"max-video-preview:-1"},"canonical":"https:\/\/adecglobal.com\/es\/adec-global-inaugura-la-primera-planta-de-produccion-de-aridos-siderurgicos-de-cataluna\/","og_locale":"es_ES","og_type":"article","og_title":"ADEC GLOBAL inaugura la primera planta de producci\u00f3n de \u00e1ridos sider\u00fargicos de Catalu\u00f1a","og_description":"La Directora General de Calidad Ambiental de la Generalidad de Catalu\u00f1a Maria Comellas , el Alcalde de Vallirana Josep Alemany y el Concejal de Pol\u00edticas Territoriales del Ayuntamiento de Vallirana Teo Gibert han inaugurado las instalaciones que Adec Global ha puesto en funcionamiento hoy mismo en la localidad del Baix Llobregat (Barcelona). La inversi\u00f3n, liderada [&hellip;]","og_url":"https:\/\/adecglobal.com\/es\/adec-global-inaugura-la-primera-planta-de-produccion-de-aridos-siderurgicos-de-cataluna\/","og_site_name":"Adec Global","article_published_time":"2010-07-16T06:30:13+00:00","og_image":[{"width":850,"height":221,"url":"https:\/\/adecglobal.com\/wp-content\/uploads\/2010\/07\/2.jpg","type":"image\/jpeg"}],"author":"admin","twitter_card":"summary_large_image","twitter_misc":{"Escrito por":"admin","Tiempo de lectura":"4 minutos"},"schema":{"@context":"https:\/\/schema.org","@graph":[{"@type":"Article","@id":"https:\/\/adecglobal.com\/es\/adec-global-inaugura-la-primera-planta-de-produccion-de-aridos-siderurgicos-de-cataluna\/#article","isPartOf":{"@id":"https:\/\/adecglobal.com\/es\/adec-global-inaugura-la-primera-planta-de-produccion-de-aridos-siderurgicos-de-cataluna\/"},"author":{"name":"admin","@id":"https:\/\/adecglobal.com\/es\/#\/schema\/person\/f1ecf1183bafeed5e189508b51709e7d"},"headline":"ADEC GLOBAL inaugura la primera planta de producci\u00f3n de \u00e1ridos sider\u00fargicos de Catalu\u00f1a","datePublished":"2010-07-16T06:30:13+00:00","mainEntityOfPage":{"@id":"https:\/\/adecglobal.com\/es\/adec-global-inaugura-la-primera-planta-de-produccion-de-aridos-siderurgicos-de-cataluna\/"},"wordCount":749,"commentCount":0,"publisher":{"@id":"https:\/\/adecglobal.com\/es\/#organization"},"image":{"@id":"https:\/\/adecglobal.com\/es\/adec-global-inaugura-la-primera-planta-de-produccion-de-aridos-siderurgicos-de-cataluna\/#primaryimage"},"thumbnailUrl":"https:\/\/adecglobal.com\/wp-content\/uploads\/2010\/07\/2.jpg","articleSection":["Obra Civil"],"inLanguage":"es","potentialAction":[{"@type":"CommentAction","name":"Comment","target":["https:\/\/adecglobal.com\/es\/adec-global-inaugura-la-primera-planta-de-produccion-de-aridos-siderurgicos-de-cataluna\/#respond"]}]},{"@type":"WebPage","@id":"https:\/\/adecglobal.com\/es\/adec-global-inaugura-la-primera-planta-de-produccion-de-aridos-siderurgicos-de-cataluna\/","url":"https:\/\/adecglobal.com\/es\/adec-global-inaugura-la-primera-planta-de-produccion-de-aridos-siderurgicos-de-cataluna\/","name":"ADEC GLOBAL inaugura la primera planta de producci\u00f3n de \u00e1ridos sider\u00fargicos de Catalu\u00f1a - Adec Global","isPartOf":{"@id":"https:\/\/adecglobal.com\/es\/#website"},"primaryImageOfPage":{"@id":"https:\/\/adecglobal.com\/es\/adec-global-inaugura-la-primera-planta-de-produccion-de-aridos-siderurgicos-de-cataluna\/#primaryimage"},"image":{"@id":"https:\/\/adecglobal.com\/es\/adec-global-inaugura-la-primera-planta-de-produccion-de-aridos-siderurgicos-de-cataluna\/#primaryimage"},"thumbnailUrl":"https:\/\/adecglobal.com\/wp-content\/uploads\/2010\/07\/2.jpg","datePublished":"2010-07-16T06:30:13+00:00","breadcrumb":{"@id":"https:\/\/adecglobal.com\/es\/adec-global-inaugura-la-primera-planta-de-produccion-de-aridos-siderurgicos-de-cataluna\/#breadcrumb"},"inLanguage":"es","potentialAction":[{"@type":"ReadAction","target":["https:\/\/adecglobal.com\/es\/adec-global-inaugura-la-primera-planta-de-produccion-de-aridos-siderurgicos-de-cataluna\/"]}]},{"@type":"ImageObject","inLanguage":"es","@id":"https:\/\/adecglobal.com\/es\/adec-global-inaugura-la-primera-planta-de-produccion-de-aridos-siderurgicos-de-cataluna\/#primaryimage","url":"https:\/\/adecglobal.com\/wp-content\/uploads\/2010\/07\/2.jpg","contentUrl":"https:\/\/adecglobal.com\/wp-content\/uploads\/2010\/07\/2.jpg","width":850,"height":221},{"@type":"BreadcrumbList","@id":"https:\/\/adecglobal.com\/es\/adec-global-inaugura-la-primera-planta-de-produccion-de-aridos-siderurgicos-de-cataluna\/#breadcrumb","itemListElement":[{"@type":"ListItem","position":1,"name":"Home","item":"https:\/\/adecglobal.com\/es\/hombre\/"},{"@type":"ListItem","position":2,"name":"ADEC GLOBAL inaugura la primera planta de producci\u00f3n de \u00e1ridos sider\u00fargicos de Catalu\u00f1a"}]},{"@type":"WebSite","@id":"https:\/\/adecglobal.com\/es\/#website","url":"https:\/\/adecglobal.com\/es\/","name":"Adec Global","description":"Convertim residus industrials en \u00e0rids sider\u00fargics","publisher":{"@id":"https:\/\/adecglobal.com\/es\/#organization"},"potentialAction":[{"@type":"SearchAction","target":{"@type":"EntryPoint","urlTemplate":"https:\/\/adecglobal.com\/es\/?s={search_term_string}"},"query-input":{"@type":"PropertyValueSpecification","valueRequired":true,"valueName":"search_term_string"}}],"inLanguage":"es"},{"@type":"Organization","@id":"https:\/\/adecglobal.com\/es\/#organization","name":"Adec Global","url":"https:\/\/adecglobal.com\/es\/","logo":{"@type":"ImageObject","inLanguage":"es","@id":"https:\/\/adecglobal.com\/es\/#\/schema\/logo\/image\/","url":"https:\/\/adecglobal.com\/wp-content\/uploads\/2021\/04\/adec-global-logo.webp","contentUrl":"https:\/\/adecglobal.com\/wp-content\/uploads\/2021\/04\/adec-global-logo.webp","width":659,"height":141,"caption":"Adec Global"},"image":{"@id":"https:\/\/adecglobal.com\/es\/#\/schema\/logo\/image\/"}},{"@type":"Person","@id":"https:\/\/adecglobal.com\/es\/#\/schema\/person\/f1ecf1183bafeed5e189508b51709e7d","name":"admin","image":{"@type":"ImageObject","inLanguage":"es","@id":"https:\/\/secure.gravatar.com\/avatar\/2c13691c959731c7a5bf693a554cbed3d1402fa36a35babe08d09907ecebc6c3?s=96&d=mm&r=g","url":"https:\/\/secure.gravatar.com\/avatar\/2c13691c959731c7a5bf693a554cbed3d1402fa36a35babe08d09907ecebc6c3?s=96&d=mm&r=g","contentUrl":"https:\/\/secure.gravatar.com\/avatar\/2c13691c959731c7a5bf693a554cbed3d1402fa36a35babe08d09907ecebc6c3?s=96&d=mm&r=g","caption":"admin"},"sameAs":["https:\/\/adecglobal.com"]}]}},"_links":{"self":[{"href":"https:\/\/adecglobal.com\/es\/wp-json\/wp\/v2\/posts\/4838","targetHints":{"allow":["GET"]}}],"collection":[{"href":"https:\/\/adecglobal.com\/es\/wp-json\/wp\/v2\/posts"}],"about":[{"href":"https:\/\/adecglobal.com\/es\/wp-json\/wp\/v2\/types\/post"}],"author":[{"embeddable":true,"href":"https:\/\/adecglobal.com\/es\/wp-json\/wp\/v2\/users\/1"}],"replies":[{"embeddable":true,"href":"https:\/\/adecglobal.com\/es\/wp-json\/wp\/v2\/comments?post=4838"}],"version-history":[{"count":0,"href":"https:\/\/adecglobal.com\/es\/wp-json\/wp\/v2\/posts\/4838\/revisions"}],"wp:featuredmedia":[{"embeddable":true,"href":"https:\/\/adecglobal.com\/es\/wp-json\/wp\/v2\/media\/1744"}],"wp:attachment":[{"href":"https:\/\/adecglobal.com\/es\/wp-json\/wp\/v2\/media?parent=4838"}],"wp:term":[{"taxonomy":"category","embeddable":true,"href":"https:\/\/adecglobal.com\/es\/wp-json\/wp\/v2\/categories?post=4838"},{"taxonomy":"post_tag","embeddable":true,"href":"https:\/\/adecglobal.com\/es\/wp-json\/wp\/v2\/tags?post=4838"}],"curies":[{"name":"wp","href":"https:\/\/api.w.org\/{rel}","templated":true}]}}